{"id":5512,"date":"2025-06-12T21:40:00","date_gmt":"2025-06-13T03:40:00","guid":{"rendered":"https:\/\/dc.diariodecomitan.com.mx\/?p=5512"},"modified":"2025-06-12T21:40:43","modified_gmt":"2025-06-13T03:40:43","slug":"retiran-camaras-ligadas-al-crimen-en-suchiate","status":"publish","type":"post","link":"https:\/\/dc.diariodecomitan.com.mx\/?p=5512","title":{"rendered":"RETIRAN C\u00c1MARAS LIGADAS al CRIMEN en SUCHIATE"},"content":{"rendered":"\n<blockquote class=\"wp-block-quote is-layout-flow wp-block-quote-is-layout-flow\">\n<p><strong><em>Retiraron diversas c\u00e1maras de videovigilancia instaladas de manera ilegal en puntos estrat\u00e9gicos del municipio.<\/em><\/strong><\/p>\n<\/blockquote>\n\n\n\n<p><strong>MDR<\/strong><\/p>\n\n\n\n<p><strong>Suchiate; 12\/Junio\/2025.- <\/strong>En un operativo conjunto entre corporaciones de seguridad de los tres niveles de gobierno, fueron retiradas diversas c\u00e1maras de videovigilancia instaladas de manera ilegal en puntos estrat\u00e9gicos del municipio de Suchiate, en la regi\u00f3n fronteriza del estado de Chiapas.<\/p>\n\n\n<div class=\"wp-block-image\">\n<figure class=\"alignright size-large is-resized\"><img loading=\"lazy\" decoding=\"async\" width=\"1024\" height=\"577\" src=\"https:\/\/dc.diariodecomitan.com.mx\/wp-content\/uploads\/2025\/06\/506473321_1294389259356588_4670545515020841990_n-1024x577.jpg\" alt=\"\" class=\"wp-image-5514\" style=\"width:419px;height:auto\" srcset=\"https:\/\/dc.diariodecomitan.com.mx\/wp-content\/uploads\/2025\/06\/506473321_1294389259356588_4670545515020841990_n-1024x577.jpg 1024w, https:\/\/dc.diariodecomitan.com.mx\/wp-content\/uploads\/2025\/06\/506473321_1294389259356588_4670545515020841990_n-300x169.jpg 300w, https:\/\/dc.diariodecomitan.com.mx\/wp-content\/uploads\/2025\/06\/506473321_1294389259356588_4670545515020841990_n-768x432.jpg 768w, https:\/\/dc.diariodecomitan.com.mx\/wp-content\/uploads\/2025\/06\/506473321_1294389259356588_4670545515020841990_n.jpg 1156w\" sizes=\"auto, (max-width: 1024px) 100vw, 1024px\" \/><figcaption class=\"wp-element-caption\"><strong><em>Desmantelan Red de C\u00e1maras de Vigilancia Ilegales.<\/em><\/strong><\/figcaption><\/figure>\n<\/div>\n\n\n<p>El despliegue fue encabezado por la Secretar\u00eda de Seguridad del Pueblo (SSP) a trav\u00e9s de la Fuerza de Reacci\u00f3n Inmediata Pakal (FRIP), la Guardia Estatal Preventiva y la Guardia Estatal Fronteriza. Tambi\u00e9n participaron elementos de la Agencia de Investigaci\u00f3n e Inteligencia Ministerial (AIIM) de la Fiscal\u00eda General del Estado (FGE), la Secretar\u00eda de Seguridad y Protecci\u00f3n Ciudadana (SSPC) del Gobierno Federal, as\u00ed como la Secretar\u00eda de Marina (SEMAR).<\/p>\n\n\n\n<p>Durante labores de patrullaje y prevenci\u00f3n del delito, los agentes detectaron y aseguraron c\u00e1maras de videovigilancia instaladas de forma clandestina en diversos puntos de la ciudad, incluidos las inmediaciones del Palacio Municipal y zonas comerciales. De acuerdo con autoridades, los dispositivos podr\u00edan estar vinculados a actividades delictivas.<\/p>\n\n\n\n<p>Los equipos fueron puestos a disposici\u00f3n del Fiscal del Ministerio P\u00fablico, quien se encargar\u00e1 de determinar su origen, uso y posibles implicaciones legales.<\/p>\n\n\n<div class=\"wp-block-image\">\n<figure class=\"aligncenter size-large\"><img loading=\"lazy\" decoding=\"async\" width=\"1024\" height=\"576\" src=\"https:\/\/dc.diariodecomitan.com.mx\/wp-content\/uploads\/2025\/06\/505941342_1105252731651985_1182291660890591551_n-1024x576.jpg\" alt=\"\" class=\"wp-image-5513\" srcset=\"https:\/\/dc.diariodecomitan.com.mx\/wp-content\/uploads\/2025\/06\/505941342_1105252731651985_1182291660890591551_n-1024x576.jpg 1024w, https:\/\/dc.diariodecomitan.com.mx\/wp-content\/uploads\/2025\/06\/505941342_1105252731651985_1182291660890591551_n-300x169.jpg 300w, https:\/\/dc.diariodecomitan.com.mx\/wp-content\/uploads\/2025\/06\/505941342_1105252731651985_1182291660890591551_n-768x432.jpg 768w, https:\/\/dc.diariodecomitan.com.mx\/wp-content\/uploads\/2025\/06\/505941342_1105252731651985_1182291660890591551_n.jpg 1280w\" sizes=\"auto, (max-width: 1024px) 100vw, 1024px\" \/><figcaption class=\"wp-element-caption\"><strong><em>C\u00e1maras Esp\u00eda, Bajo Investigaci\u00f3n en Suchiate.<\/em><\/strong><\/figcaption><\/figure>\n<\/div>\n\n\n<p>Las autoridades destacaron que esta acci\u00f3n forma parte de una estrategia m\u00e1s amplia para fortalecer la seguridad en la frontera sur del pa\u00eds y evitar que organizaciones delictivas utilicen tecnolog\u00eda para vigilar movimientos policiales o civiles.<\/p>\n\n\n\n<p>\u201cLa Secretar\u00eda de Seguridad del Pueblo reafirma su compromiso con la paz y la legalidad en el estado, mediante acciones contundentes y coordinadas que buscan restablecer entornos seguros para la ciudadan\u00eda\u201d, se\u00f1al\u00f3 la dependencia en un comunicado oficial.<\/p>\n\n\n\n<p>El retiro de las c\u00e1maras ilegales representa un paso importante en el combate a las redes de vigilancia paralelas que podr\u00edan servir a intereses criminales, afectando el bienestar de los habitantes de Suchiate.<\/p>\n","protected":false},"excerpt":{"rendered":"<p>Retiraron diversas c\u00e1maras de videovigilancia instaladas de manera ilegal en puntos estrat\u00e9gicos del municipio. MDR Suchiate; 12\/Junio\/2025.- En un operativo conjunto entre corporaciones de seguridad de los tres niveles de&hellip; <\/p>\n","protected":false},"author":2,"featured_media":5515,"comment_status":"closed","ping_status":"closed","sticky":false,"template":"","format":"standard","meta":{"footnotes":""},"categories":[10],"tags":[],"class_list":["post-5512","post","type-post","status-publish","format-standard","has-post-thumbnail","hentry","category-policiaca"],"_links":{"self":[{"href":"https:\/\/dc.diariodecomitan.com.mx\/index.php?rest_route=\/wp\/v2\/posts\/5512","targetHints":{"allow":["GET"]}}],"collection":[{"href":"https:\/\/dc.diariodecomitan.com.mx\/index.php?rest_route=\/wp\/v2\/posts"}],"about":[{"href":"https:\/\/dc.diariodecomitan.com.mx\/index.php?rest_route=\/wp\/v2\/types\/post"}],"author":[{"embeddable":true,"href":"https:\/\/dc.diariodecomitan.com.mx\/index.php?rest_route=\/wp\/v2\/users\/2"}],"replies":[{"embeddable":true,"href":"https:\/\/dc.diariodecomitan.com.mx\/index.php?rest_route=%2Fwp%2Fv2%2Fcomments&post=5512"}],"version-history":[{"count":2,"href":"https:\/\/dc.diariodecomitan.com.mx\/index.php?rest_route=\/wp\/v2\/posts\/5512\/revisions"}],"predecessor-version":[{"id":5517,"href":"https:\/\/dc.diariodecomitan.com.mx\/index.php?rest_route=\/wp\/v2\/posts\/5512\/revisions\/5517"}],"wp:featuredmedia":[{"embeddable":true,"href":"https:\/\/dc.diariodecomitan.com.mx\/index.php?rest_route=\/wp\/v2\/media\/5515"}],"wp:attachment":[{"href":"https:\/\/dc.diariodecomitan.com.mx\/index.php?rest_route=%2Fwp%2Fv2%2Fmedia&parent=5512"}],"wp:term":[{"taxonomy":"category","embeddable":true,"href":"https:\/\/dc.diariodecomitan.com.mx\/index.php?rest_route=%2Fwp%2Fv2%2Fcategories&post=5512"},{"taxonomy":"post_tag","embeddable":true,"href":"https:\/\/dc.diariodecomitan.com.mx\/index.php?rest_route=%2Fwp%2Fv2%2Ftags&post=5512"}],"curies":[{"name":"wp","href":"https:\/\/api.w.org\/{rel}","templated":true}]}}