{"id":5518,"date":"2025-06-12T21:51:13","date_gmt":"2025-06-13T03:51:13","guid":{"rendered":"https:\/\/dc.diariodecomitan.com.mx\/?p=5518"},"modified":"2025-06-14T14:02:16","modified_gmt":"2025-06-14T20:02:16","slug":"gobierno-actua-contra-el-alcohol-ilegal-en-las-margaritas","status":"publish","type":"post","link":"https:\/\/dc.diariodecomitan.com.mx\/?p=5518","title":{"rendered":"GOBIERNO ACT\u00daA contra el ALCOHOL ILEGAL en LAS MARGARITAS"},"content":{"rendered":"\n<blockquote class=\"wp-block-quote is-layout-flow wp-block-quote-is-layout-flow\">\n<p class=\"has-text-align-left\"><strong><em>Operativo interinstitucional contra venta irregular de alcohol en comunidades de Las Margaritas<\/em><\/strong><\/p>\n<\/blockquote>\n\n\n\n<p><strong>Las Margaritas; 12\/Junio\/2025.- <\/strong>En cumplimiento a la instrucci\u00f3n del gobernador del estado, Dr. Eduardo Ram\u00edrez Aguilar, bajo la estrategia \u201cCero Impunidad y Cero Corrupci\u00f3n\u201d, se llev\u00f3 a cabo un operativo interinstitucional en comunidades de Las Margaritas para combatir la venta irregular de bebidas alcoh\u00f3licas.<\/p>\n\n\n<div class=\"wp-block-image\">\n<figure class=\"aligncenter size-large\"><img loading=\"lazy\" decoding=\"async\" width=\"1024\" height=\"768\" src=\"https:\/\/dc.diariodecomitan.com.mx\/wp-content\/uploads\/2025\/06\/Imagen-de-WhatsApp-2025-06-12-a-las-21.42.18_af8a75d7-1024x768.jpg\" alt=\"\" class=\"wp-image-5520\" srcset=\"https:\/\/dc.diariodecomitan.com.mx\/wp-content\/uploads\/2025\/06\/Imagen-de-WhatsApp-2025-06-12-a-las-21.42.18_af8a75d7-1024x768.jpg 1024w, https:\/\/dc.diariodecomitan.com.mx\/wp-content\/uploads\/2025\/06\/Imagen-de-WhatsApp-2025-06-12-a-las-21.42.18_af8a75d7-300x225.jpg 300w, https:\/\/dc.diariodecomitan.com.mx\/wp-content\/uploads\/2025\/06\/Imagen-de-WhatsApp-2025-06-12-a-las-21.42.18_af8a75d7-768x576.jpg 768w, https:\/\/dc.diariodecomitan.com.mx\/wp-content\/uploads\/2025\/06\/Imagen-de-WhatsApp-2025-06-12-a-las-21.42.18_af8a75d7-1536x1152.jpg 1536w, https:\/\/dc.diariodecomitan.com.mx\/wp-content\/uploads\/2025\/06\/Imagen-de-WhatsApp-2025-06-12-a-las-21.42.18_af8a75d7.jpg 1600w\" sizes=\"auto, (max-width: 1024px) 100vw, 1024px\" \/><\/figure>\n<\/div>\n\n\n<p>El operativo fue encabezado por la Jurisdicci\u00f3n Sanitaria N\u00famero III, en coordinaci\u00f3n con la Polic\u00eda Municipal, el grupo especial DORADOS, la Fiscal\u00eda del Ministerio P\u00fablico, la Polic\u00eda de Investigaci\u00f3n e Inteligencia Ministerial, la Guardia Nacional, la SEDENA, la Polic\u00eda Vial Preventiva, entre otras corporaciones de los tres \u00f3rdenes de gobierno.<\/p>\n\n\n<div class=\"wp-block-image\">\n<figure class=\"alignright size-large is-resized\"><img loading=\"lazy\" decoding=\"async\" width=\"768\" height=\"1024\" src=\"https:\/\/dc.diariodecomitan.com.mx\/wp-content\/uploads\/2025\/06\/Imagen-de-WhatsApp-2025-06-12-a-las-21.42.19_66f3d945-768x1024.jpg\" alt=\"\" class=\"wp-image-5521\" style=\"width:362px;height:auto\" srcset=\"https:\/\/dc.diariodecomitan.com.mx\/wp-content\/uploads\/2025\/06\/Imagen-de-WhatsApp-2025-06-12-a-las-21.42.19_66f3d945-768x1024.jpg 768w, https:\/\/dc.diariodecomitan.com.mx\/wp-content\/uploads\/2025\/06\/Imagen-de-WhatsApp-2025-06-12-a-las-21.42.19_66f3d945-225x300.jpg 225w, https:\/\/dc.diariodecomitan.com.mx\/wp-content\/uploads\/2025\/06\/Imagen-de-WhatsApp-2025-06-12-a-las-21.42.19_66f3d945-1152x1536.jpg 1152w, https:\/\/dc.diariodecomitan.com.mx\/wp-content\/uploads\/2025\/06\/Imagen-de-WhatsApp-2025-06-12-a-las-21.42.19_66f3d945.jpg 1200w\" sizes=\"auto, (max-width: 768px) 100vw, 768px\" \/><\/figure>\n<\/div>\n\n\n<p>Esta acci\u00f3n fue resultado de los acuerdos tomados en la Mesa Regional de Seguridad y Construcci\u00f3n de la Paz Regi\u00f3n IV, atendiendo la solicitud de m\u00e1s de 50 comunidades pertenecientes a la Regi\u00f3n Selva II, quienes expresaron su preocupaci\u00f3n por los efectos negativos de esta actividad ilegal.<\/p>\n\n\n\n<p>Durante el operativo se verificaron tres establecimientos ubicados en las comunidades de Rancho La Nueva Providencia y Rancho Monte Flor, donde los propietarios permitieron de manera voluntaria el ingreso de las autoridades, facilitando el aseguramiento del producto alcoh\u00f3lico.<\/p>\n\n\n\n<p>Con estas acciones, el gobierno del estado reafirma su compromiso de trabajar por la seguridad, el orden y el bienestar de las comunidades&nbsp;chiapanecas.<\/p>\n\n\n<div class=\"wp-block-image\">\n<figure class=\"aligncenter size-large is-resized\"><a href=\"https:\/\/www.facebook.com\/gruascastillochiapas\"><img loading=\"lazy\" decoding=\"async\" width=\"1024\" height=\"666\" src=\"https:\/\/dc.diariodecomitan.com.mx\/wp-content\/uploads\/2025\/06\/WhatsApp-Image-2025-05-07-at-10.47.15-AM-2-1024x666.jpeg\" alt=\"\" class=\"wp-image-5571\" style=\"width:384px;height:auto\" srcset=\"https:\/\/dc.diariodecomitan.com.mx\/wp-content\/uploads\/2025\/06\/WhatsApp-Image-2025-05-07-at-10.47.15-AM-2-1024x666.jpeg 1024w, https:\/\/dc.diariodecomitan.com.mx\/wp-content\/uploads\/2025\/06\/WhatsApp-Image-2025-05-07-at-10.47.15-AM-2-300x195.jpeg 300w, https:\/\/dc.diariodecomitan.com.mx\/wp-content\/uploads\/2025\/06\/WhatsApp-Image-2025-05-07-at-10.47.15-AM-2-768x500.jpeg 768w, https:\/\/dc.diariodecomitan.com.mx\/wp-content\/uploads\/2025\/06\/WhatsApp-Image-2025-05-07-at-10.47.15-AM-2.jpeg 1280w\" sizes=\"auto, (max-width: 1024px) 100vw, 1024px\" \/><\/a><\/figure>\n<\/div>","protected":false},"excerpt":{"rendered":"<p>Operativo interinstitucional contra venta irregular de alcohol en comunidades de Las Margaritas Las Margaritas; 12\/Junio\/2025.- En cumplimiento a la instrucci\u00f3n del gobernador del estado, Dr. Eduardo Ram\u00edrez Aguilar, bajo la&hellip; <\/p>\n","protected":false},"author":2,"featured_media":5519,"comment_status":"closed","ping_status":"closed","sticky":false,"template":"","format":"standard","meta":{"footnotes":""},"categories":[17],"tags":[],"class_list":["post-5518","post","type-post","status-publish","format-standard","has-post-thumbnail","hentry","category-municipios"],"_links":{"self":[{"href":"https:\/\/dc.diariodecomitan.com.mx\/index.php?rest_route=\/wp\/v2\/posts\/5518","targetHints":{"allow":["GET"]}}],"collection":[{"href":"https:\/\/dc.diariodecomitan.com.mx\/index.php?rest_route=\/wp\/v2\/posts"}],"about":[{"href":"https:\/\/dc.diariodecomitan.com.mx\/index.php?rest_route=\/wp\/v2\/types\/post"}],"author":[{"embeddable":true,"href":"https:\/\/dc.diariodecomitan.com.mx\/index.php?rest_route=\/wp\/v2\/users\/2"}],"replies":[{"embeddable":true,"href":"https:\/\/dc.diariodecomitan.com.mx\/index.php?rest_route=%2Fwp%2Fv2%2Fcomments&post=5518"}],"version-history":[{"count":2,"href":"https:\/\/dc.diariodecomitan.com.mx\/index.php?rest_route=\/wp\/v2\/posts\/5518\/revisions"}],"predecessor-version":[{"id":5573,"href":"https:\/\/dc.diariodecomitan.com.mx\/index.php?rest_route=\/wp\/v2\/posts\/5518\/revisions\/5573"}],"wp:featuredmedia":[{"embeddable":true,"href":"https:\/\/dc.diariodecomitan.com.mx\/index.php?rest_route=\/wp\/v2\/media\/5519"}],"wp:attachment":[{"href":"https:\/\/dc.diariodecomitan.com.mx\/index.php?rest_route=%2Fwp%2Fv2%2Fmedia&parent=5518"}],"wp:term":[{"taxonomy":"category","embeddable":true,"href":"https:\/\/dc.diariodecomitan.com.mx\/index.php?rest_route=%2Fwp%2Fv2%2Fcategories&post=5518"},{"taxonomy":"post_tag","embeddable":true,"href":"https:\/\/dc.diariodecomitan.com.mx\/index.php?rest_route=%2Fwp%2Fv2%2Ftags&post=5518"}],"curies":[{"name":"wp","href":"https:\/\/api.w.org\/{rel}","templated":true}]}}