{"id":5821,"date":"2025-06-17T13:22:52","date_gmt":"2025-06-17T19:22:52","guid":{"rendered":"https:\/\/dc.diariodecomitan.com.mx\/?p=5821"},"modified":"2025-06-17T13:22:53","modified_gmt":"2025-06-17T19:22:53","slug":"en-el-marco-del-g7-presidenta-claudia-sheinbaum-destaca-interes-de-empresarios-canadienses-por-invertir-en-mexico","status":"publish","type":"post","link":"https:\/\/dc.diariodecomitan.com.mx\/?p=5821","title":{"rendered":"En el marco del G7, presidenta Claudia Sheinbaum destaca inter\u00e9s de empresarios canadienses por invertir en M\u00e9xico"},"content":{"rendered":"\n<p><em><strong>El Consejo Empresarial de Canad\u00e1 (Business Council of Canada, BCC, por sus siglas en<br>ingl\u00e9s) agrupa a 170 l\u00edderes empresariales cuyas empresas emplean a 2.1 millones de<br>canadienses<\/strong><\/em><\/p>\n\n\n\n<p><strong>Calgary, Alberta, Canad\u00e1; 16\/JUN\/2025<\/strong>.- En reuni\u00f3n con el Consejo Empresarial de<br>Canad\u00e1 (Business Council of Canada, BCC, por sus siglas en ingl\u00e9s), la Presidenta, Claudia<br>Sheinbaum Pardo y los secretarios de Econom\u00eda, Marcelo Ebrard Casaubon; de Hacienda y<br>Cr\u00e9dito P\u00fablico, Edgar Amador Zamora; y de Relaciones Exteriores, Juan Ram\u00f3n de la<br>Fuente, conversaron con empresarios canadienses sobre su inter\u00e9s de aumentar sus<br>inversiones en el pa\u00eds y del Plan M\u00e9xico.<\/p>\n\n\n<div class=\"wp-block-image\">\n<figure class=\"aligncenter size-large is-resized\"><img loading=\"lazy\" decoding=\"async\" width=\"1024\" height=\"576\" src=\"https:\/\/dc.diariodecomitan.com.mx\/wp-content\/uploads\/2025\/06\/160625-CSP-REUNION-CON-LA-BCC-1-1024x576.jpeg\" alt=\"\" class=\"wp-image-5822\" style=\"width:640px;height:auto\" srcset=\"https:\/\/dc.diariodecomitan.com.mx\/wp-content\/uploads\/2025\/06\/160625-CSP-REUNION-CON-LA-BCC-1-1024x576.jpeg 1024w, https:\/\/dc.diariodecomitan.com.mx\/wp-content\/uploads\/2025\/06\/160625-CSP-REUNION-CON-LA-BCC-1-300x169.jpeg 300w, https:\/\/dc.diariodecomitan.com.mx\/wp-content\/uploads\/2025\/06\/160625-CSP-REUNION-CON-LA-BCC-1-768x432.jpeg 768w, https:\/\/dc.diariodecomitan.com.mx\/wp-content\/uploads\/2025\/06\/160625-CSP-REUNION-CON-LA-BCC-1-1536x864.jpeg 1536w, https:\/\/dc.diariodecomitan.com.mx\/wp-content\/uploads\/2025\/06\/160625-CSP-REUNION-CON-LA-BCC-1-2048x1152.jpeg 2048w\" sizes=\"auto, (max-width: 1024px) 100vw, 1024px\" \/><\/figure>\n<\/div>\n\n\n<p>\u201cConversamos con integrantes del Consejo Empresarial de Canad\u00e1 @BizCouncilofCan<br>interesados en invertir en nuestro pa\u00eds, sobre beneficios y oportunidades del Plan M\u00e9xico.<br>Nos acompa\u00f1an los secretarios de Econom\u00eda, Marcelo Ebrard; Hacienda, Edgar Amador; y<br>Relaciones Exteriores, Juan Ram\u00f3n de la Fuente\u201d, comparti\u00f3 la Jefa del Ejecutivo Federal<br>en sus redes sociales.<\/p>\n\n\n<div class=\"wp-block-image\">\n<figure class=\"alignleft size-large is-resized\"><img loading=\"lazy\" decoding=\"async\" width=\"1024\" height=\"682\" src=\"https:\/\/dc.diariodecomitan.com.mx\/wp-content\/uploads\/2025\/06\/160625-CSP-REUNION-CON-LA-BCC-3-1024x682.jpeg\" alt=\"\" class=\"wp-image-5823\" style=\"width:517px;height:auto\" srcset=\"https:\/\/dc.diariodecomitan.com.mx\/wp-content\/uploads\/2025\/06\/160625-CSP-REUNION-CON-LA-BCC-3-1024x682.jpeg 1024w, https:\/\/dc.diariodecomitan.com.mx\/wp-content\/uploads\/2025\/06\/160625-CSP-REUNION-CON-LA-BCC-3-300x200.jpeg 300w, https:\/\/dc.diariodecomitan.com.mx\/wp-content\/uploads\/2025\/06\/160625-CSP-REUNION-CON-LA-BCC-3-768x512.jpeg 768w, https:\/\/dc.diariodecomitan.com.mx\/wp-content\/uploads\/2025\/06\/160625-CSP-REUNION-CON-LA-BCC-3-1536x1024.jpeg 1536w, https:\/\/dc.diariodecomitan.com.mx\/wp-content\/uploads\/2025\/06\/160625-CSP-REUNION-CON-LA-BCC-3-2048x1365.jpeg 2048w\" sizes=\"auto, (max-width: 1024px) 100vw, 1024px\" \/><\/figure>\n<\/div>\n\n\n<p>Desde 2023, el BCC participa activamente en el di\u00e1logo econ\u00f3mico con M\u00e9xico,<br>incluyendo la Cumbre Empresarial M\u00e9xico\u2013Canad\u00e1 y mecanismos de inversi\u00f3n en sectores<br>como energ\u00eda, transporte y manufactura.<\/p>\n\n\n\n<p>En el encuentro de car\u00e1cter privado, que se llev\u00f3 a cabo en la Sala Wildrose Ballroom<br>South del Hotel Sheraton, estuvieron presentes, por parte del Consejo Empresarial de<br>Canad\u00e1: el presidente y director ejecutivo del Business Council of Canada (BCC), Goldy<br>Hyder; la asesora especial senior en el BCC, Shauna Hemingway; el presidente y director<br>ejecutivo de TC Energy, Fran\u00e7ois Poirier, la cual opera siete gasoductos con la Comisi\u00f3n Federal de Electricidad (CFE); el director ejecutivo de WestJet Airlines, Alexis von<br>Hoensbroech, que opera m\u00e1s de 200 vuelos semanales entre M\u00e9xico y Canad\u00e1 y en cuya<br>ruta se transportaron en 2024, 2.6 millones de pasajeros; el presidente y director<br>ejecutivo de Palliser Furniture, Peter Tielmann, empresa que tiene cuatro plantas de<br>manufactura en Saltillo y Matamoros; la presidenta y directora ejecutiva de ATCO, Nancy<br>Southern, que tiene presencia en M\u00e9xico desde 2014; el presidente y director general de<br>BRP, Jos\u00e9 Boisjoli, que fabrica veh\u00edculos recreativos; y la presidenta y directora ejecutiva<br>de Element Fleet Management, Laura Dottori-Attanasio, la cual tiene operaciones en el<br>pa\u00eds.<\/p>\n\n\n<div class=\"wp-block-image\">\n<figure class=\"aligncenter size-large is-resized\"><img loading=\"lazy\" decoding=\"async\" width=\"1024\" height=\"682\" src=\"https:\/\/dc.diariodecomitan.com.mx\/wp-content\/uploads\/2025\/06\/160625-CSP-REUNION-CON-LA-BCC-2-1024x682.jpeg\" alt=\"\" class=\"wp-image-5824\" style=\"width:634px;height:auto\" srcset=\"https:\/\/dc.diariodecomitan.com.mx\/wp-content\/uploads\/2025\/06\/160625-CSP-REUNION-CON-LA-BCC-2-1024x682.jpeg 1024w, https:\/\/dc.diariodecomitan.com.mx\/wp-content\/uploads\/2025\/06\/160625-CSP-REUNION-CON-LA-BCC-2-300x200.jpeg 300w, https:\/\/dc.diariodecomitan.com.mx\/wp-content\/uploads\/2025\/06\/160625-CSP-REUNION-CON-LA-BCC-2-768x512.jpeg 768w, https:\/\/dc.diariodecomitan.com.mx\/wp-content\/uploads\/2025\/06\/160625-CSP-REUNION-CON-LA-BCC-2-1536x1024.jpeg 1536w, https:\/\/dc.diariodecomitan.com.mx\/wp-content\/uploads\/2025\/06\/160625-CSP-REUNION-CON-LA-BCC-2-2048x1365.jpeg 2048w\" sizes=\"auto, (max-width: 1024px) 100vw, 1024px\" \/><\/figure>\n<\/div>\n\n\n<p>Por parte del Gobierno de M\u00e9xico, tambi\u00e9n asistieron el jefe de la Unidad para Am\u00e9rica<br>del Norte de la Secretar\u00eda de Relaciones Exteriores, Roberto Velasco \u00c1lvarez; el embajador<br>de M\u00e9xico en Canad\u00e1, Carlos Joaqu\u00edn Gonz\u00e1lez; el embajador de M\u00e9xico en Estados<br>Unidos, Esteban Moctezuma Barrag\u00e1n; y la representante de M\u00e9xico ante el Banco<br>Mundial, Diana Alarc\u00f3n Gonz\u00e1lez.<\/p>\n\n\n<div class=\"wp-block-image\">\n<figure class=\"aligncenter size-large is-resized\"><a href=\"https:\/\/wa.me\/529631013938\"><img loading=\"lazy\" decoding=\"async\" width=\"1024\" height=\"619\" src=\"https:\/\/dc.diariodecomitan.com.mx\/wp-content\/uploads\/2025\/06\/Diseno-sin-titulo-56-8-1024x619.jpg\" alt=\"\" class=\"wp-image-5782\" style=\"width:464px;height:auto\" srcset=\"https:\/\/dc.diariodecomitan.com.mx\/wp-content\/uploads\/2025\/06\/Diseno-sin-titulo-56-8-1024x619.jpg 1024w, https:\/\/dc.diariodecomitan.com.mx\/wp-content\/uploads\/2025\/06\/Diseno-sin-titulo-56-8-300x181.jpg 300w, https:\/\/dc.diariodecomitan.com.mx\/wp-content\/uploads\/2025\/06\/Diseno-sin-titulo-56-8-768x464.jpg 768w, https:\/\/dc.diariodecomitan.com.mx\/wp-content\/uploads\/2025\/06\/Diseno-sin-titulo-56-8.jpg 1530w\" sizes=\"auto, (max-width: 1024px) 100vw, 1024px\" \/><\/a><\/figure>\n<\/div>\n\n\n<p>El di\u00e1logo con el BCC, que agrupa a 170 l\u00edderes empresariales cuyas empresas emplean a<br>2.1 millones de canadienses, se llev\u00f3 a cabo en el marco de la Cumbre de L\u00edderes del G7,<br>que se realiza en Canad\u00e1 y al que M\u00e9xico asiste como pa\u00eds invitado.<\/p>\n","protected":false},"excerpt":{"rendered":"<p>El Consejo Empresarial de Canad\u00e1 (Business Council of Canada, BCC, por sus siglas eningl\u00e9s) agrupa a 170 l\u00edderes empresariales cuyas empresas emplean a 2.1 millones decanadienses Calgary, Alberta, Canad\u00e1; 16\/JUN\/2025.-&hellip; <\/p>\n","protected":false},"author":2,"featured_media":5825,"comment_status":"closed","ping_status":"closed","sticky":false,"template":"","format":"standard","meta":{"footnotes":""},"categories":[12,15],"tags":[],"class_list":["post-5821","post","type-post","status-publish","format-standard","has-post-thumbnail","hentry","category-nacional","category-politica"],"_links":{"self":[{"href":"https:\/\/dc.diariodecomitan.com.mx\/index.php?rest_route=\/wp\/v2\/posts\/5821","targetHints":{"allow":["GET"]}}],"collection":[{"href":"https:\/\/dc.diariodecomitan.com.mx\/index.php?rest_route=\/wp\/v2\/posts"}],"about":[{"href":"https:\/\/dc.diariodecomitan.com.mx\/index.php?rest_route=\/wp\/v2\/types\/post"}],"author":[{"embeddable":true,"href":"https:\/\/dc.diariodecomitan.com.mx\/index.php?rest_route=\/wp\/v2\/users\/2"}],"replies":[{"embeddable":true,"href":"https:\/\/dc.diariodecomitan.com.mx\/index.php?rest_route=%2Fwp%2Fv2%2Fcomments&post=5821"}],"version-history":[{"count":1,"href":"https:\/\/dc.diariodecomitan.com.mx\/index.php?rest_route=\/wp\/v2\/posts\/5821\/revisions"}],"predecessor-version":[{"id":5826,"href":"https:\/\/dc.diariodecomitan.com.mx\/index.php?rest_route=\/wp\/v2\/posts\/5821\/revisions\/5826"}],"wp:featuredmedia":[{"embeddable":true,"href":"https:\/\/dc.diariodecomitan.com.mx\/index.php?rest_route=\/wp\/v2\/media\/5825"}],"wp:attachment":[{"href":"https:\/\/dc.diariodecomitan.com.mx\/index.php?rest_route=%2Fwp%2Fv2%2Fmedia&parent=5821"}],"wp:term":[{"taxonomy":"category","embeddable":true,"href":"https:\/\/dc.diariodecomitan.com.mx\/index.php?rest_route=%2Fwp%2Fv2%2Fcategories&post=5821"},{"taxonomy":"post_tag","embeddable":true,"href":"https:\/\/dc.diariodecomitan.com.mx\/index.php?rest_route=%2Fwp%2Fv2%2Ftags&post=5821"}],"curies":[{"name":"wp","href":"https:\/\/api.w.org\/{rel}","templated":true}]}}