{"id":5831,"date":"2025-06-17T19:05:19","date_gmt":"2025-06-18T01:05:19","guid":{"rendered":"https:\/\/dc.diariodecomitan.com.mx\/?p=5831"},"modified":"2025-06-17T19:05:21","modified_gmt":"2025-06-18T01:05:21","slug":"el-colegio-frida-kahlo-de-comitan-sede-de-importante-jornada-de-evaluacion-cambridge","status":"publish","type":"post","link":"https:\/\/dc.diariodecomitan.com.mx\/?p=5831","title":{"rendered":"El Colegio Frida Kahlo de Comit\u00e1n sede de importante jornada de evaluaci\u00f3n Cambridge"},"content":{"rendered":"\n<figure class=\"wp-block-image size-large\"><img loading=\"lazy\" decoding=\"async\" width=\"1024\" height=\"683\" src=\"https:\/\/dc.diariodecomitan.com.mx\/wp-content\/uploads\/2025\/06\/WhatsApp-Image-2025-06-17-at-7.20.08-AM-1024x683.jpeg\" alt=\"\" class=\"wp-image-5833\" srcset=\"https:\/\/dc.diariodecomitan.com.mx\/wp-content\/uploads\/2025\/06\/WhatsApp-Image-2025-06-17-at-7.20.08-AM-1024x683.jpeg 1024w, https:\/\/dc.diariodecomitan.com.mx\/wp-content\/uploads\/2025\/06\/WhatsApp-Image-2025-06-17-at-7.20.08-AM-300x200.jpeg 300w, https:\/\/dc.diariodecomitan.com.mx\/wp-content\/uploads\/2025\/06\/WhatsApp-Image-2025-06-17-at-7.20.08-AM-768x512.jpeg 768w, https:\/\/dc.diariodecomitan.com.mx\/wp-content\/uploads\/2025\/06\/WhatsApp-Image-2025-06-17-at-7.20.08-AM-1536x1024.jpeg 1536w, https:\/\/dc.diariodecomitan.com.mx\/wp-content\/uploads\/2025\/06\/WhatsApp-Image-2025-06-17-at-7.20.08-AM-2048x1365.jpeg 2048w\" sizes=\"auto, (max-width: 1024px) 100vw, 1024px\" \/><\/figure>\n\n\n\n<p>Comit\u00e1n, Chiapas \u2014 En un acto que refuerza su compromiso con la excelencia educativa y la formaci\u00f3n integral, el Colegio Frida Kahlo fue sede de una exitosa jornada de Cambridge Assessment , organizada en conjunto con The Anglo, que reuni\u00f3 a 25 talentosos estudiantes internos del colegio y a 8 estudiantes externos.<\/p>\n\n\n\n<p>Durante la jornada, los participantes tuvieron la oportunidad de presentar sus ex\u00e1menes para demostrar sus habilidades en el dominio del idioma ingl\u00e9s y obtener sus respectivas certificaciones .<\/p>\n\n\n\n<p>Aplaudimos el compromiso de los padres de familia para este importante paso para cada uno de los ni\u00f1os participantes .<\/p>\n\n\n\n<p>Entre los ni\u00f1os externos , cuatro alumnos son de la talentosa maestra Cinthia Morales, quienes mostraron su nivel de competencia en ingl\u00e9s con gran entusiasmo y dedicaci\u00f3n. Adem\u00e1s, la propia maestra Cinthia Morales realiz\u00f3 su evaluaci\u00f3n para continuar avanzando en su desarrollo profesional y fortalecer a\u00fan m\u00e1s sus habilidades.<\/p>\n\n\n\n<p>Esta jornada confirma el firme compromiso del Colegio Frida Kahlo con la promoci\u00f3n de espacios que fomentan la innovaci\u00f3n, el talento y la excelencia acad\u00e9mica. La instituci\u00f3n reafirma su liderazgo en Comit\u00e1n como un centro que impulsa el crecimiento y la preparaci\u00f3n de sus estudiantes para afrontar los desaf\u00edos del mundo globalizado, promoviendo tambi\u00e9n el desarrollo de la comunidad educativa en general.<\/p>\n\n\n\n<div class=\"wp-block-group is-nowrap is-layout-flex wp-container-core-group-is-layout-ad2f72ca wp-block-group-is-layout-flex\">\n<p>Desde el Colegio Frida Kahlo, se extienden las felicitaciones a todos los participantes y a quienes contribuyen d\u00eda a d\u00eda a proyectar a Comit\u00e1n como una ciudad que apuesta por la educaci\u00f3n de calidad y la formaci\u00f3n de futuros profesionales.<\/p>\n\n\n\n<figure class=\"wp-block-image size-large\"><img loading=\"lazy\" decoding=\"async\" width=\"708\" height=\"1024\" src=\"https:\/\/dc.diariodecomitan.com.mx\/wp-content\/uploads\/2025\/06\/WhatsApp-Image-2025-06-17-at-7.20.08-AM-1-708x1024.jpeg\" alt=\"\" class=\"wp-image-5834\" srcset=\"https:\/\/dc.diariodecomitan.com.mx\/wp-content\/uploads\/2025\/06\/WhatsApp-Image-2025-06-17-at-7.20.08-AM-1-708x1024.jpeg 708w, https:\/\/dc.diariodecomitan.com.mx\/wp-content\/uploads\/2025\/06\/WhatsApp-Image-2025-06-17-at-7.20.08-AM-1-208x300.jpeg 208w, https:\/\/dc.diariodecomitan.com.mx\/wp-content\/uploads\/2025\/06\/WhatsApp-Image-2025-06-17-at-7.20.08-AM-1-768x1110.jpeg 768w, https:\/\/dc.diariodecomitan.com.mx\/wp-content\/uploads\/2025\/06\/WhatsApp-Image-2025-06-17-at-7.20.08-AM-1-1062x1536.jpeg 1062w, https:\/\/dc.diariodecomitan.com.mx\/wp-content\/uploads\/2025\/06\/WhatsApp-Image-2025-06-17-at-7.20.08-AM-1.jpeg 1106w\" sizes=\"auto, (max-width: 708px) 100vw, 708px\" \/><\/figure>\n<\/div>\n\n\n\n<p>\u00a1Colegio Frida Kahlo contin\u00faa siendo un referente en la promoci\u00f3n del talento y la excelencia, reafirmando su misi\u00f3n de formar ciudadanos comprometidos y competitivos a nivel nacional e internacional!<\/p>\n","protected":false},"excerpt":{"rendered":"<p>Comit\u00e1n, Chiapas \u2014 En un acto que refuerza su compromiso con la excelencia educativa y la formaci\u00f3n integral, el Colegio Frida Kahlo fue sede de una exitosa jornada de Cambridge&hellip; <\/p>\n","protected":false},"author":2,"featured_media":5832,"comment_status":"closed","ping_status":"closed","sticky":false,"template":"","format":"standard","meta":{"footnotes":""},"categories":[3],"tags":[],"class_list":["post-5831","post","type-post","status-publish","format-standard","has-post-thumbnail","hentry","category-comitan"],"_links":{"self":[{"href":"https:\/\/dc.diariodecomitan.com.mx\/index.php?rest_route=\/wp\/v2\/posts\/5831","targetHints":{"allow":["GET"]}}],"collection":[{"href":"https:\/\/dc.diariodecomitan.com.mx\/index.php?rest_route=\/wp\/v2\/posts"}],"about":[{"href":"https:\/\/dc.diariodecomitan.com.mx\/index.php?rest_route=\/wp\/v2\/types\/post"}],"author":[{"embeddable":true,"href":"https:\/\/dc.diariodecomitan.com.mx\/index.php?rest_route=\/wp\/v2\/users\/2"}],"replies":[{"embeddable":true,"href":"https:\/\/dc.diariodecomitan.com.mx\/index.php?rest_route=%2Fwp%2Fv2%2Fcomments&post=5831"}],"version-history":[{"count":1,"href":"https:\/\/dc.diariodecomitan.com.mx\/index.php?rest_route=\/wp\/v2\/posts\/5831\/revisions"}],"predecessor-version":[{"id":5835,"href":"https:\/\/dc.diariodecomitan.com.mx\/index.php?rest_route=\/wp\/v2\/posts\/5831\/revisions\/5835"}],"wp:featuredmedia":[{"embeddable":true,"href":"https:\/\/dc.diariodecomitan.com.mx\/index.php?rest_route=\/wp\/v2\/media\/5832"}],"wp:attachment":[{"href":"https:\/\/dc.diariodecomitan.com.mx\/index.php?rest_route=%2Fwp%2Fv2%2Fmedia&parent=5831"}],"wp:term":[{"taxonomy":"category","embeddable":true,"href":"https:\/\/dc.diariodecomitan.com.mx\/index.php?rest_route=%2Fwp%2Fv2%2Fcategories&post=5831"},{"taxonomy":"post_tag","embeddable":true,"href":"https:\/\/dc.diariodecomitan.com.mx\/index.php?rest_route=%2Fwp%2Fv2%2Ftags&post=5831"}],"curies":[{"name":"wp","href":"https:\/\/api.w.org\/{rel}","templated":true}]}}