{"id":5964,"date":"2025-06-19T14:06:09","date_gmt":"2025-06-19T20:06:09","guid":{"rendered":"https:\/\/dc.diariodecomitan.com.mx\/?p=5964"},"modified":"2025-06-20T10:00:48","modified_gmt":"2025-06-20T16:00:48","slug":"listos-los-refugios-temporales-en-la-region-comiteca","status":"publish","type":"post","link":"https:\/\/dc.diariodecomitan.com.mx\/?p=5964","title":{"rendered":"Listos los refugios temporales en la Regi\u00f3n Comiteca"},"content":{"rendered":"\n<p><strong>To\u00f1o Aguilar <\/strong><\/p>\n\n\n\n<p>Listos los refugios temporal en la Regi\u00f3n Comiteca<\/p>\n\n\n\n<p>*Ante la llegada del hurac\u00e1n Erick a las costas chiapanecas para la madrugada de este jueves<\/p>\n\n\n\n<p>*La intenci\u00f3n es garantizar la seguridad toda la poblaci\u00f3n<\/p>\n\n\n\n<p>To\u00f1o Aguilar<\/p>\n\n\n\n<p><strong>Comit\u00e1n de Dom\u00ednguez; 19\/JUN\/2025<\/strong>.- Ante la llegada del hurac\u00e1n Erick a territorio chiapaneco, autoridades de los tres \u00f3rdenes de gobierno realizaron una revisi\u00f3n de los refugios temporales que pudieran necesitarse en caso de emergencia.<\/p>\n\n\n<div class=\"wp-block-image\">\n<figure class=\"aligncenter size-large\"><img loading=\"lazy\" decoding=\"async\" width=\"1024\" height=\"771\" src=\"https:\/\/dc.diariodecomitan.com.mx\/wp-content\/uploads\/2025\/06\/283588ee-20eb-47bc-b30c-51700c5b5f99-1024x771.jpeg\" alt=\"\" class=\"wp-image-5965\" srcset=\"https:\/\/dc.diariodecomitan.com.mx\/wp-content\/uploads\/2025\/06\/283588ee-20eb-47bc-b30c-51700c5b5f99-1024x771.jpeg 1024w, https:\/\/dc.diariodecomitan.com.mx\/wp-content\/uploads\/2025\/06\/283588ee-20eb-47bc-b30c-51700c5b5f99-300x226.jpeg 300w, https:\/\/dc.diariodecomitan.com.mx\/wp-content\/uploads\/2025\/06\/283588ee-20eb-47bc-b30c-51700c5b5f99-768x578.jpeg 768w, https:\/\/dc.diariodecomitan.com.mx\/wp-content\/uploads\/2025\/06\/283588ee-20eb-47bc-b30c-51700c5b5f99-1536x1156.jpeg 1536w, https:\/\/dc.diariodecomitan.com.mx\/wp-content\/uploads\/2025\/06\/283588ee-20eb-47bc-b30c-51700c5b5f99.jpeg 1600w\" sizes=\"auto, (max-width: 1024px) 100vw, 1024px\" \/><\/figure>\n<\/div>\n\n\n<p>El Delegado de Protecci\u00f3n Civil en la Regi\u00f3n XV Mesta Comiteca, Jos\u00e9 Antonio Zamudio Blanco, manifest\u00f3 que durante la supervisi\u00f3n, verificaron que los refugios cuenten con los servicios b\u00e1sicos necesario como agua potable, ba\u00f1os, espacio para habilitar comedores e instalaciones el\u00e9ctricas en buen estado.<\/p>\n\n\n\n<p>\u00abAgradezco el acompa\u00f1amiento de las instituciones federales, estatales y municipales. El trabajo interinstitucional es clave para brindar una atenci\u00f3n integral y efectiva a la poblaci\u00f3n en caso de emergencia. La coordinaci\u00f3n y colaboraci\u00f3n entre las diferentes entidades permiten garantizar la seguridad y el bienestar de la comunidad, as\u00ed lo manifest\u00f3 el delegado.<\/p>\n\n\n\n<figure class=\"wp-block-image size-large\"><img loading=\"lazy\" decoding=\"async\" width=\"1024\" height=\"473\" src=\"https:\/\/dc.diariodecomitan.com.mx\/wp-content\/uploads\/2025\/06\/a0b80ad1-c39a-4b05-9e83-1493e5fa44f2-1024x473.jpeg\" alt=\"\" class=\"wp-image-5966\" srcset=\"https:\/\/dc.diariodecomitan.com.mx\/wp-content\/uploads\/2025\/06\/a0b80ad1-c39a-4b05-9e83-1493e5fa44f2-1024x473.jpeg 1024w, https:\/\/dc.diariodecomitan.com.mx\/wp-content\/uploads\/2025\/06\/a0b80ad1-c39a-4b05-9e83-1493e5fa44f2-300x139.jpeg 300w, https:\/\/dc.diariodecomitan.com.mx\/wp-content\/uploads\/2025\/06\/a0b80ad1-c39a-4b05-9e83-1493e5fa44f2-768x355.jpeg 768w, https:\/\/dc.diariodecomitan.com.mx\/wp-content\/uploads\/2025\/06\/a0b80ad1-c39a-4b05-9e83-1493e5fa44f2.jpeg 1280w\" sizes=\"auto, (max-width: 1024px) 100vw, 1024px\" \/><\/figure>\n\n\n\n<p>Cabe hacer menci\u00f3n que los municipios de La Trinitaria, Tzimol y Comit\u00e1n son los que han habilitado albergues o refugios temporales, sin embargo, otros municipios como Las Margaritas y Las Rosas, podr\u00edan sumarse a esta medida y as\u00ed garantizar la seguridad de todos.<\/p>\n\n\n\n<figure class=\"wp-block-image size-large\"><a href=\"https:\/\/wa.me\/5545013008\"><img loading=\"lazy\" decoding=\"async\" width=\"1024\" height=\"195\" src=\"https:\/\/dc.diariodecomitan.com.mx\/wp-content\/uploads\/2025\/06\/WhatsApp-Image-2025-06-09-at-10.47.55-AM-3-1024x195.jpeg\" alt=\"\" class=\"wp-image-6028\" srcset=\"https:\/\/dc.diariodecomitan.com.mx\/wp-content\/uploads\/2025\/06\/WhatsApp-Image-2025-06-09-at-10.47.55-AM-3-1024x195.jpeg 1024w, https:\/\/dc.diariodecomitan.com.mx\/wp-content\/uploads\/2025\/06\/WhatsApp-Image-2025-06-09-at-10.47.55-AM-3-300x57.jpeg 300w, https:\/\/dc.diariodecomitan.com.mx\/wp-content\/uploads\/2025\/06\/WhatsApp-Image-2025-06-09-at-10.47.55-AM-3-768x146.jpeg 768w, https:\/\/dc.diariodecomitan.com.mx\/wp-content\/uploads\/2025\/06\/WhatsApp-Image-2025-06-09-at-10.47.55-AM-3-1536x292.jpeg 1536w, https:\/\/dc.diariodecomitan.com.mx\/wp-content\/uploads\/2025\/06\/WhatsApp-Image-2025-06-09-at-10.47.55-AM-3.jpeg 1600w\" sizes=\"auto, (max-width: 1024px) 100vw, 1024px\" \/><\/a><\/figure>\n\n\n\n<p>Esta madruga, autoridades reportaron deslaves sobre el tramo carretero La Trinitaria-Chamic, donde solo un carril qued\u00f3 habilitado debido que hubo desprendimiento de ricas que obstruyeron la vialidad, no obstante, no se reportaron lesionados ni insistencias mayores.<\/p>\n\n\n\n<figure class=\"wp-block-image size-large\"><img loading=\"lazy\" decoding=\"async\" width=\"1024\" height=\"768\" src=\"https:\/\/dc.diariodecomitan.com.mx\/wp-content\/uploads\/2025\/06\/2c4e1058-f741-4e3d-9b2b-daa9c96734a5-1024x768.jpeg\" alt=\"\" class=\"wp-image-5967\" srcset=\"https:\/\/dc.diariodecomitan.com.mx\/wp-content\/uploads\/2025\/06\/2c4e1058-f741-4e3d-9b2b-daa9c96734a5-1024x768.jpeg 1024w, https:\/\/dc.diariodecomitan.com.mx\/wp-content\/uploads\/2025\/06\/2c4e1058-f741-4e3d-9b2b-daa9c96734a5-300x225.jpeg 300w, https:\/\/dc.diariodecomitan.com.mx\/wp-content\/uploads\/2025\/06\/2c4e1058-f741-4e3d-9b2b-daa9c96734a5-768x576.jpeg 768w, https:\/\/dc.diariodecomitan.com.mx\/wp-content\/uploads\/2025\/06\/2c4e1058-f741-4e3d-9b2b-daa9c96734a5-1536x1152.jpeg 1536w, https:\/\/dc.diariodecomitan.com.mx\/wp-content\/uploads\/2025\/06\/2c4e1058-f741-4e3d-9b2b-daa9c96734a5.jpeg 1600w\" sizes=\"auto, (max-width: 1024px) 100vw, 1024px\" \/><\/figure>\n\n\n\n<p>El no propio gobierno del Estado ha manifestado que mantiene un monitoreo permanente para saber la trayectoria del hurac\u00e1n y as\u00ed alertar a la poblaci\u00f3n, a quien pidieron mantenerse atentos a la informaci\u00f3n oficial que se des conocer.<\/p>\n","protected":false},"excerpt":{"rendered":"<p>To\u00f1o Aguilar Listos los refugios temporal en la Regi\u00f3n Comiteca *Ante la llegada del hurac\u00e1n Erick a las costas chiapanecas para la madrugada de este jueves *La intenci\u00f3n es garantizar&hellip; <\/p>\n","protected":false},"author":2,"featured_media":5968,"comment_status":"closed","ping_status":"closed","sticky":false,"template":"","format":"standard","meta":{"footnotes":""},"categories":[3,17],"tags":[],"class_list":["post-5964","post","type-post","status-publish","format-standard","has-post-thumbnail","hentry","category-comitan","category-municipios"],"_links":{"self":[{"href":"https:\/\/dc.diariodecomitan.com.mx\/index.php?rest_route=\/wp\/v2\/posts\/5964","targetHints":{"allow":["GET"]}}],"collection":[{"href":"https:\/\/dc.diariodecomitan.com.mx\/index.php?rest_route=\/wp\/v2\/posts"}],"about":[{"href":"https:\/\/dc.diariodecomitan.com.mx\/index.php?rest_route=\/wp\/v2\/types\/post"}],"author":[{"embeddable":true,"href":"https:\/\/dc.diariodecomitan.com.mx\/index.php?rest_route=\/wp\/v2\/users\/2"}],"replies":[{"embeddable":true,"href":"https:\/\/dc.diariodecomitan.com.mx\/index.php?rest_route=%2Fwp%2Fv2%2Fcomments&post=5964"}],"version-history":[{"count":2,"href":"https:\/\/dc.diariodecomitan.com.mx\/index.php?rest_route=\/wp\/v2\/posts\/5964\/revisions"}],"predecessor-version":[{"id":6033,"href":"https:\/\/dc.diariodecomitan.com.mx\/index.php?rest_route=\/wp\/v2\/posts\/5964\/revisions\/6033"}],"wp:featuredmedia":[{"embeddable":true,"href":"https:\/\/dc.diariodecomitan.com.mx\/index.php?rest_route=\/wp\/v2\/media\/5968"}],"wp:attachment":[{"href":"https:\/\/dc.diariodecomitan.com.mx\/index.php?rest_route=%2Fwp%2Fv2%2Fmedia&parent=5964"}],"wp:term":[{"taxonomy":"category","embeddable":true,"href":"https:\/\/dc.diariodecomitan.com.mx\/index.php?rest_route=%2Fwp%2Fv2%2Fcategories&post=5964"},{"taxonomy":"post_tag","embeddable":true,"href":"https:\/\/dc.diariodecomitan.com.mx\/index.php?rest_route=%2Fwp%2Fv2%2Ftags&post=5964"}],"curies":[{"name":"wp","href":"https:\/\/api.w.org\/{rel}","templated":true}]}}