{"id":5970,"date":"2025-06-19T14:10:52","date_gmt":"2025-06-19T20:10:52","guid":{"rendered":"https:\/\/dc.diariodecomitan.com.mx\/?p=5970"},"modified":"2025-06-23T12:51:04","modified_gmt":"2025-06-23T18:51:04","slug":"jovenes-estudiantes-resultan-lesionados-tras-intentar-rebasar-a-un-trailer-en-comitan","status":"publish","type":"post","link":"https:\/\/dc.diariodecomitan.com.mx\/?p=5970","title":{"rendered":"J\u00d3VENES ESTUDIANTES RESULTAN LESIONADOS TRAS INTENTAR REBASAR A UN TR\u00c1ILER EN COMIT\u00c1N"},"content":{"rendered":"\n<p><strong>No\u00e9 Pinto <\/strong><\/p>\n\n\n\n<p><strong>Comit\u00e1n, Chiapas; 19\/JUN\/2025<\/strong>.\u2013 Dos j\u00f3venes estudiantes resultaron lesionados tras sufrir un accidente de tr\u00e1nsito ocurrido hace unos momentos sobre el bulevar de Las Federaciones, a la altura del crucero donde se ubica la gasolinera Villatoro.<\/p>\n\n\n\n<figure class=\"wp-block-image size-large\"><img loading=\"lazy\" decoding=\"async\" width=\"1024\" height=\"768\" src=\"https:\/\/dc.diariodecomitan.com.mx\/wp-content\/uploads\/2025\/06\/77b547ba-5474-4228-a72c-edc9a611bb5f-1024x768.jpeg\" alt=\"\" class=\"wp-image-5971\" srcset=\"https:\/\/dc.diariodecomitan.com.mx\/wp-content\/uploads\/2025\/06\/77b547ba-5474-4228-a72c-edc9a611bb5f-1024x768.jpeg 1024w, https:\/\/dc.diariodecomitan.com.mx\/wp-content\/uploads\/2025\/06\/77b547ba-5474-4228-a72c-edc9a611bb5f-300x225.jpeg 300w, https:\/\/dc.diariodecomitan.com.mx\/wp-content\/uploads\/2025\/06\/77b547ba-5474-4228-a72c-edc9a611bb5f-768x576.jpeg 768w, https:\/\/dc.diariodecomitan.com.mx\/wp-content\/uploads\/2025\/06\/77b547ba-5474-4228-a72c-edc9a611bb5f-1536x1152.jpeg 1536w, https:\/\/dc.diariodecomitan.com.mx\/wp-content\/uploads\/2025\/06\/77b547ba-5474-4228-a72c-edc9a611bb5f.jpeg 1600w\" sizes=\"auto, (max-width: 1024px) 100vw, 1024px\" \/><\/figure>\n\n\n\n<p>Seg\u00fan los primeros reportes, los j\u00f3venes viajaban a bordo de una motocicleta FT 150 de color blanco y, al intentar rebasar por el carril izquierdo a un tr\u00e1iler de color naranja que realizaba maniobras, terminaron impact\u00e1ndose.<\/p>\n\n\n\n<figure class=\"wp-block-image size-large\"><img loading=\"lazy\" decoding=\"async\" width=\"1024\" height=\"768\" src=\"https:\/\/dc.diariodecomitan.com.mx\/wp-content\/uploads\/2025\/06\/c549610f-9498-429c-8b54-4a5ad57e37b7-1024x768.jpeg\" alt=\"\" class=\"wp-image-5973\" srcset=\"https:\/\/dc.diariodecomitan.com.mx\/wp-content\/uploads\/2025\/06\/c549610f-9498-429c-8b54-4a5ad57e37b7-1024x768.jpeg 1024w, https:\/\/dc.diariodecomitan.com.mx\/wp-content\/uploads\/2025\/06\/c549610f-9498-429c-8b54-4a5ad57e37b7-300x225.jpeg 300w, https:\/\/dc.diariodecomitan.com.mx\/wp-content\/uploads\/2025\/06\/c549610f-9498-429c-8b54-4a5ad57e37b7-768x576.jpeg 768w, https:\/\/dc.diariodecomitan.com.mx\/wp-content\/uploads\/2025\/06\/c549610f-9498-429c-8b54-4a5ad57e37b7-1536x1152.jpeg 1536w, https:\/\/dc.diariodecomitan.com.mx\/wp-content\/uploads\/2025\/06\/c549610f-9498-429c-8b54-4a5ad57e37b7.jpeg 1600w\" sizes=\"auto, (max-width: 1024px) 100vw, 1024px\" \/><\/figure>\n\n\n\n<p>Al lugar acudieron de inmediato param\u00e9dicos de Protecci\u00f3n Civil, quienes brindaron los primeros auxilios y trasladaron a los lesionados al Hospital General para su atenci\u00f3n m\u00e9dica especializada.<\/p>\n\n\n\n<figure class=\"wp-block-image size-large\"><a href=\"https:\/\/wa.me\/5545013008\"><img loading=\"lazy\" decoding=\"async\" width=\"1024\" height=\"195\" src=\"https:\/\/dc.diariodecomitan.com.mx\/wp-content\/uploads\/2025\/06\/WhatsApp-Image-2025-06-09-at-10.47.55-AM-3-1024x195.jpeg\" alt=\"\" class=\"wp-image-6028\" srcset=\"https:\/\/dc.diariodecomitan.com.mx\/wp-content\/uploads\/2025\/06\/WhatsApp-Image-2025-06-09-at-10.47.55-AM-3-1024x195.jpeg 1024w, https:\/\/dc.diariodecomitan.com.mx\/wp-content\/uploads\/2025\/06\/WhatsApp-Image-2025-06-09-at-10.47.55-AM-3-300x57.jpeg 300w, https:\/\/dc.diariodecomitan.com.mx\/wp-content\/uploads\/2025\/06\/WhatsApp-Image-2025-06-09-at-10.47.55-AM-3-768x146.jpeg 768w, https:\/\/dc.diariodecomitan.com.mx\/wp-content\/uploads\/2025\/06\/WhatsApp-Image-2025-06-09-at-10.47.55-AM-3-1536x292.jpeg 1536w, https:\/\/dc.diariodecomitan.com.mx\/wp-content\/uploads\/2025\/06\/WhatsApp-Image-2025-06-09-at-10.47.55-AM-3.jpeg 1600w\" sizes=\"auto, (max-width: 1024px) 100vw, 1024px\" \/><\/a><\/figure>\n\n\n\n<p>Elementos de la Guardia Nacional se hicieron cargo del peritaje correspondiente. Se recomienda a los automovilistas extremar precauciones al circular por esta v\u00eda.<\/p>\n\n\n\n<figure class=\"wp-block-image size-large\"><img loading=\"lazy\" decoding=\"async\" width=\"1024\" height=\"768\" src=\"https:\/\/dc.diariodecomitan.com.mx\/wp-content\/uploads\/2025\/06\/570cb6a1-7268-4cfc-9bd5-457ea358ab84-1024x768.jpeg\" alt=\"\" class=\"wp-image-5972\" srcset=\"https:\/\/dc.diariodecomitan.com.mx\/wp-content\/uploads\/2025\/06\/570cb6a1-7268-4cfc-9bd5-457ea358ab84-1024x768.jpeg 1024w, https:\/\/dc.diariodecomitan.com.mx\/wp-content\/uploads\/2025\/06\/570cb6a1-7268-4cfc-9bd5-457ea358ab84-300x225.jpeg 300w, https:\/\/dc.diariodecomitan.com.mx\/wp-content\/uploads\/2025\/06\/570cb6a1-7268-4cfc-9bd5-457ea358ab84-768x576.jpeg 768w, https:\/\/dc.diariodecomitan.com.mx\/wp-content\/uploads\/2025\/06\/570cb6a1-7268-4cfc-9bd5-457ea358ab84-1536x1152.jpeg 1536w, https:\/\/dc.diariodecomitan.com.mx\/wp-content\/uploads\/2025\/06\/570cb6a1-7268-4cfc-9bd5-457ea358ab84.jpeg 1600w\" sizes=\"auto, (max-width: 1024px) 100vw, 1024px\" \/><\/figure>\n","protected":false},"excerpt":{"rendered":"<p>No\u00e9 Pinto Comit\u00e1n, Chiapas; 19\/JUN\/2025.\u2013 Dos j\u00f3venes estudiantes resultaron lesionados tras sufrir un accidente de tr\u00e1nsito ocurrido hace unos momentos sobre el bulevar de Las Federaciones, a la altura del&hellip; <\/p>\n","protected":false},"author":2,"featured_media":5974,"comment_status":"closed","ping_status":"closed","sticky":false,"template":"","format":"standard","meta":{"footnotes":""},"categories":[3,10],"tags":[],"class_list":["post-5970","post","type-post","status-publish","format-standard","has-post-thumbnail","hentry","category-comitan","category-policiaca"],"_links":{"self":[{"href":"https:\/\/dc.diariodecomitan.com.mx\/index.php?rest_route=\/wp\/v2\/posts\/5970","targetHints":{"allow":["GET"]}}],"collection":[{"href":"https:\/\/dc.diariodecomitan.com.mx\/index.php?rest_route=\/wp\/v2\/posts"}],"about":[{"href":"https:\/\/dc.diariodecomitan.com.mx\/index.php?rest_route=\/wp\/v2\/types\/post"}],"author":[{"embeddable":true,"href":"https:\/\/dc.diariodecomitan.com.mx\/index.php?rest_route=\/wp\/v2\/users\/2"}],"replies":[{"embeddable":true,"href":"https:\/\/dc.diariodecomitan.com.mx\/index.php?rest_route=%2Fwp%2Fv2%2Fcomments&post=5970"}],"version-history":[{"count":2,"href":"https:\/\/dc.diariodecomitan.com.mx\/index.php?rest_route=\/wp\/v2\/posts\/5970\/revisions"}],"predecessor-version":[{"id":6030,"href":"https:\/\/dc.diariodecomitan.com.mx\/index.php?rest_route=\/wp\/v2\/posts\/5970\/revisions\/6030"}],"wp:featuredmedia":[{"embeddable":true,"href":"https:\/\/dc.diariodecomitan.com.mx\/index.php?rest_route=\/wp\/v2\/media\/5974"}],"wp:attachment":[{"href":"https:\/\/dc.diariodecomitan.com.mx\/index.php?rest_route=%2Fwp%2Fv2%2Fmedia&parent=5970"}],"wp:term":[{"taxonomy":"category","embeddable":true,"href":"https:\/\/dc.diariodecomitan.com.mx\/index.php?rest_route=%2Fwp%2Fv2%2Fcategories&post=5970"},{"taxonomy":"post_tag","embeddable":true,"href":"https:\/\/dc.diariodecomitan.com.mx\/index.php?rest_route=%2Fwp%2Fv2%2Ftags&post=5970"}],"curies":[{"name":"wp","href":"https:\/\/api.w.org\/{rel}","templated":true}]}}