{"id":5976,"date":"2025-06-19T14:14:01","date_gmt":"2025-06-19T20:14:01","guid":{"rendered":"https:\/\/dc.diariodecomitan.com.mx\/?p=5976"},"modified":"2025-06-19T14:14:02","modified_gmt":"2025-06-19T20:14:02","slug":"mario-guillen-propone-entrega-de-medalla-al-merito-civico-jose-artemio-lopez-aguilar","status":"publish","type":"post","link":"https:\/\/dc.diariodecomitan.com.mx\/?p=5976","title":{"rendered":"Mario Guill\u00e9n propone entrega de medalla al m\u00e9rito c\u00edvico: \u201cJos\u00e9 Artemio L\u00f3pez Aguilar\u201d"},"content":{"rendered":"\n<ul class=\"wp-block-list\">\n<li>La presea ser\u00e1 entregada a la mexicana o mexicano que se haya destacado por su trabajo en la defensa de los derechos humanos.<\/li>\n<\/ul>\n\n\n\n<p><strong>Tuxtla Guti\u00e9rrez, Chiapas; 19\/JUN\/2025<\/strong>.- El diputado Mario Guill\u00e9n Guill\u00e9n, presidente de la Junta de Coordinaci\u00f3n Pol\u00edtica, emiti\u00f3 una propuesta para que se entregue la medalla al m\u00e9rito c\u00edvico: \u201cProfesor Jos\u00e9 Artemio L\u00f3pez Aguilar\u201d, a la mexicana o mexicano que se haya distinguido por su trabajo en la defensa de los derechos humanos, la paz y a favor de la sociedad con sentido humanista.<\/p>\n\n\n\n<p>Dicha propuesta, fue turnada a comisiones parlamentarias para su an\u00e1lisis y dictamen; en ese sentido, el l\u00edder del Parlamento destac\u00f3 que existe el \u00e1nimo para que sea aprobada y de esta manera se someta al voto del pleno para que quede instaurada.<\/p>\n\n\n\n<figure class=\"wp-block-image size-large\"><img loading=\"lazy\" decoding=\"async\" width=\"576\" height=\"1024\" src=\"https:\/\/dc.diariodecomitan.com.mx\/wp-content\/uploads\/2025\/06\/e041eb53-34b2-4c7c-82ee-4aa2f8f9f97f-576x1024.jpeg\" alt=\"\" class=\"wp-image-5977\" srcset=\"https:\/\/dc.diariodecomitan.com.mx\/wp-content\/uploads\/2025\/06\/e041eb53-34b2-4c7c-82ee-4aa2f8f9f97f-576x1024.jpeg 576w, https:\/\/dc.diariodecomitan.com.mx\/wp-content\/uploads\/2025\/06\/e041eb53-34b2-4c7c-82ee-4aa2f8f9f97f-169x300.jpeg 169w, https:\/\/dc.diariodecomitan.com.mx\/wp-content\/uploads\/2025\/06\/e041eb53-34b2-4c7c-82ee-4aa2f8f9f97f.jpeg 720w\" sizes=\"auto, (max-width: 576px) 100vw, 576px\" \/><\/figure>\n\n\n\n<p>Destac\u00f3 el diputado por MORENA que en meses pasados el Congreso del Estado brind\u00f3 un homenaje p\u00f3stumo al maestro Jos\u00e9 Artemio L\u00f3pez Aguilar, un destacado l\u00edder asesinado en Chicomuselo, Chiapas, cuya vida y legado estuvieron profundamente comprometidos con la educaci\u00f3n y la paz en Chiapas.<\/p>\n\n\n\n<p>Por esa raz\u00f3n, la iniciativa establece la entrega de la medalla al m\u00e9rito c\u00edvico profesor Jos\u00e9 Artemio L\u00f3pez Aguilar para una mexicana o un mexicano que se destaque en la protecci\u00f3n a los derechos humanos, que tenga un trabajo a favor de la sociedad. De aprobarse, la convocatoria se emitir\u00e1 a m\u00e1s tardar el 20 de agosto de cada a\u00f1o, en tanto que las postulaciones se recibir\u00e1n del 1 al 30 de septiembre de cada a\u00f1o y la entrega, en sesi\u00f3n solemne, el 21 de octubre de cada a\u00f1o.<\/p>\n","protected":false},"excerpt":{"rendered":"<p>Tuxtla Guti\u00e9rrez, Chiapas; 19\/JUN\/2025.- El diputado Mario Guill\u00e9n Guill\u00e9n, presidente de la Junta de Coordinaci\u00f3n Pol\u00edtica, emiti\u00f3 una propuesta para que se entregue la medalla al m\u00e9rito c\u00edvico: \u201cProfesor Jos\u00e9&hellip; <\/p>\n","protected":false},"author":2,"featured_media":5978,"comment_status":"closed","ping_status":"closed","sticky":false,"template":"","format":"standard","meta":{"footnotes":""},"categories":[15,28],"tags":[],"class_list":["post-5976","post","type-post","status-publish","format-standard","has-post-thumbnail","hentry","category-politica","category-efemerides"],"_links":{"self":[{"href":"https:\/\/dc.diariodecomitan.com.mx\/index.php?rest_route=\/wp\/v2\/posts\/5976","targetHints":{"allow":["GET"]}}],"collection":[{"href":"https:\/\/dc.diariodecomitan.com.mx\/index.php?rest_route=\/wp\/v2\/posts"}],"about":[{"href":"https:\/\/dc.diariodecomitan.com.mx\/index.php?rest_route=\/wp\/v2\/types\/post"}],"author":[{"embeddable":true,"href":"https:\/\/dc.diariodecomitan.com.mx\/index.php?rest_route=\/wp\/v2\/users\/2"}],"replies":[{"embeddable":true,"href":"https:\/\/dc.diariodecomitan.com.mx\/index.php?rest_route=%2Fwp%2Fv2%2Fcomments&post=5976"}],"version-history":[{"count":1,"href":"https:\/\/dc.diariodecomitan.com.mx\/index.php?rest_route=\/wp\/v2\/posts\/5976\/revisions"}],"predecessor-version":[{"id":5979,"href":"https:\/\/dc.diariodecomitan.com.mx\/index.php?rest_route=\/wp\/v2\/posts\/5976\/revisions\/5979"}],"wp:featuredmedia":[{"embeddable":true,"href":"https:\/\/dc.diariodecomitan.com.mx\/index.php?rest_route=\/wp\/v2\/media\/5978"}],"wp:attachment":[{"href":"https:\/\/dc.diariodecomitan.com.mx\/index.php?rest_route=%2Fwp%2Fv2%2Fmedia&parent=5976"}],"wp:term":[{"taxonomy":"category","embeddable":true,"href":"https:\/\/dc.diariodecomitan.com.mx\/index.php?rest_route=%2Fwp%2Fv2%2Fcategories&post=5976"},{"taxonomy":"post_tag","embeddable":true,"href":"https:\/\/dc.diariodecomitan.com.mx\/index.php?rest_route=%2Fwp%2Fv2%2Ftags&post=5976"}],"curies":[{"name":"wp","href":"https:\/\/api.w.org\/{rel}","templated":true}]}}