{"id":5980,"date":"2025-06-19T14:19:16","date_gmt":"2025-06-19T20:19:16","guid":{"rendered":"https:\/\/dc.diariodecomitan.com.mx\/?p=5980"},"modified":"2025-07-07T14:39:03","modified_gmt":"2025-07-07T20:39:03","slug":"inaugura-alcalde-sebastian-350-metros-de-vialidades-en-el-triunfo-la-independencia","status":"publish","type":"post","link":"https:\/\/dc.diariodecomitan.com.mx\/?p=5980","title":{"rendered":"Inaugura alcalde Sebasti\u00e1n 350 metros de vialidades en El Triunfo, La Independencia"},"content":{"rendered":"\n<p><strong>La Independencia, Chiapas;19\/JUN\/2025<\/strong>.- El desarrollo y bienestar de las comunidades sigue siendo una prioridad para el Gobierno Municipal que encabeza el presidente Sebasti\u00e1n C\u00f3rdova, quien este d\u00eda inaugur\u00f3 350 metros de calles pavimentadas con concreto hidr\u00e1ulico en la localidad de El Triunfo.<\/p>\n\n\n<div class=\"wp-block-image\">\n<figure class=\"aligncenter size-large is-resized\"><img loading=\"lazy\" decoding=\"async\" width=\"1024\" height=\"682\" src=\"https:\/\/dc.diariodecomitan.com.mx\/wp-content\/uploads\/2025\/06\/IMG_7581-1024x682.jpeg\" alt=\"\" class=\"wp-image-5981\" style=\"width:442px;height:auto\" srcset=\"https:\/\/dc.diariodecomitan.com.mx\/wp-content\/uploads\/2025\/06\/IMG_7581-1024x682.jpeg 1024w, https:\/\/dc.diariodecomitan.com.mx\/wp-content\/uploads\/2025\/06\/IMG_7581-300x200.jpeg 300w, https:\/\/dc.diariodecomitan.com.mx\/wp-content\/uploads\/2025\/06\/IMG_7581-768x512.jpeg 768w, https:\/\/dc.diariodecomitan.com.mx\/wp-content\/uploads\/2025\/06\/IMG_7581.jpeg 1280w\" sizes=\"auto, (max-width: 1024px) 100vw, 1024px\" \/><\/figure>\n<\/div>\n\n\n<p>Acompa\u00f1ado del comisariado ejidal Everardo Morales y del agente municipal Samuel Alfaro, el edil entreg\u00f3 formalmente esta obra que beneficiar\u00e1 a decenas de familias, mejorando significativamente las condiciones de movilidad y seguridad en la zona.<\/p>\n\n\n\n<p>Durante el acto, Carlos V\u00e1zquez Aguilar, en representaci\u00f3n de las y los habitantes de la comunidad, expres\u00f3 su agradecimiento al alcalde por cumplir con una de las principales demandas de El Triunfo: contar con vialidades dignas y funcionales.<\/p>\n\n\n\n<p>\u201cHoy podemos caminar y transitar con mayor seguridad. Esta obra representa un avance importante para nuestro pueblo\u201d, expres\u00f3 el ciudadano.<\/p>\n\n\n<div class=\"wp-block-image\">\n<figure class=\"aligncenter size-large is-resized\"><img loading=\"lazy\" decoding=\"async\" width=\"1024\" height=\"768\" src=\"https:\/\/dc.diariodecomitan.com.mx\/wp-content\/uploads\/2025\/06\/IMG_7579-1024x768.jpeg\" alt=\"\" class=\"wp-image-5982\" style=\"width:648px;height:auto\" srcset=\"https:\/\/dc.diariodecomitan.com.mx\/wp-content\/uploads\/2025\/06\/IMG_7579-1024x768.jpeg 1024w, https:\/\/dc.diariodecomitan.com.mx\/wp-content\/uploads\/2025\/06\/IMG_7579-300x225.jpeg 300w, https:\/\/dc.diariodecomitan.com.mx\/wp-content\/uploads\/2025\/06\/IMG_7579-768x576.jpeg 768w, https:\/\/dc.diariodecomitan.com.mx\/wp-content\/uploads\/2025\/06\/IMG_7579-1536x1152.jpeg 1536w, https:\/\/dc.diariodecomitan.com.mx\/wp-content\/uploads\/2025\/06\/IMG_7579.jpeg 2048w\" sizes=\"auto, (max-width: 1024px) 100vw, 1024px\" \/><\/figure>\n<\/div>\n\n\n<p>El presidente municipal reiter\u00f3 su compromiso de continuar impulsando obras de impacto social en todas las comunidades del municipio, priorizando aquellas que por a\u00f1os han estado en rezago.<\/p>\n\n\n\n<figure class=\"wp-block-image size-large\"><img loading=\"lazy\" decoding=\"async\" width=\"1024\" height=\"768\" src=\"https:\/\/dc.diariodecomitan.com.mx\/wp-content\/uploads\/2025\/06\/IMG_7580-1024x768.jpeg\" alt=\"\" class=\"wp-image-5983\" srcset=\"https:\/\/dc.diariodecomitan.com.mx\/wp-content\/uploads\/2025\/06\/IMG_7580-1024x768.jpeg 1024w, https:\/\/dc.diariodecomitan.com.mx\/wp-content\/uploads\/2025\/06\/IMG_7580-300x225.jpeg 300w, https:\/\/dc.diariodecomitan.com.mx\/wp-content\/uploads\/2025\/06\/IMG_7580-768x576.jpeg 768w, https:\/\/dc.diariodecomitan.com.mx\/wp-content\/uploads\/2025\/06\/IMG_7580.jpeg 1280w\" sizes=\"auto, (max-width: 1024px) 100vw, 1024px\" \/><\/figure>\n\n\n\n<p>\u201cEste gobierno trabaja con responsabilidad, de cerca con la gente, y con la firme convicci\u00f3n de que el desarrollo debe ser parejo para todos\u201d, afirm\u00f3 el edil.<\/p>\n\n\n\n<p>Con estas acciones, el Gobierno Municipal de La Independencia refrenda su compromiso con la transformaci\u00f3n y el progreso de sus comunidades.<\/p>\n\n\n<div class=\"wp-block-image\">\n<figure class=\"aligncenter size-large is-resized\"><a href=\"https:\/\/www.facebook.com\/gruascastillochiapas\"><img loading=\"lazy\" decoding=\"async\" width=\"1024\" height=\"666\" src=\"https:\/\/dc.diariodecomitan.com.mx\/wp-content\/uploads\/2025\/06\/WhatsApp-Image-2025-05-07-at-10.47.15-AM-4-1024x666.jpeg\" alt=\"\" class=\"wp-image-6031\" style=\"width:468px;height:auto\" srcset=\"https:\/\/dc.diariodecomitan.com.mx\/wp-content\/uploads\/2025\/06\/WhatsApp-Image-2025-05-07-at-10.47.15-AM-4-1024x666.jpeg 1024w, https:\/\/dc.diariodecomitan.com.mx\/wp-content\/uploads\/2025\/06\/WhatsApp-Image-2025-05-07-at-10.47.15-AM-4-300x195.jpeg 300w, https:\/\/dc.diariodecomitan.com.mx\/wp-content\/uploads\/2025\/06\/WhatsApp-Image-2025-05-07-at-10.47.15-AM-4-768x500.jpeg 768w, https:\/\/dc.diariodecomitan.com.mx\/wp-content\/uploads\/2025\/06\/WhatsApp-Image-2025-05-07-at-10.47.15-AM-4.jpeg 1280w\" sizes=\"auto, (max-width: 1024px) 100vw, 1024px\" \/><\/a><\/figure>\n<\/div>","protected":false},"excerpt":{"rendered":"<p>La Independencia, Chiapas;19\/JUN\/2025.- El desarrollo y bienestar de las comunidades sigue siendo una prioridad para el Gobierno Municipal que encabeza el presidente Sebasti\u00e1n C\u00f3rdova, quien este d\u00eda inaugur\u00f3 350 metros&hellip; <\/p>\n","protected":false},"author":2,"featured_media":5984,"comment_status":"closed","ping_status":"closed","sticky":false,"template":"","format":"standard","meta":{"footnotes":""},"categories":[17],"tags":[],"class_list":["post-5980","post","type-post","status-publish","format-standard","has-post-thumbnail","hentry","category-municipios"],"_links":{"self":[{"href":"https:\/\/dc.diariodecomitan.com.mx\/index.php?rest_route=\/wp\/v2\/posts\/5980","targetHints":{"allow":["GET"]}}],"collection":[{"href":"https:\/\/dc.diariodecomitan.com.mx\/index.php?rest_route=\/wp\/v2\/posts"}],"about":[{"href":"https:\/\/dc.diariodecomitan.com.mx\/index.php?rest_route=\/wp\/v2\/types\/post"}],"author":[{"embeddable":true,"href":"https:\/\/dc.diariodecomitan.com.mx\/index.php?rest_route=\/wp\/v2\/users\/2"}],"replies":[{"embeddable":true,"href":"https:\/\/dc.diariodecomitan.com.mx\/index.php?rest_route=%2Fwp%2Fv2%2Fcomments&post=5980"}],"version-history":[{"count":3,"href":"https:\/\/dc.diariodecomitan.com.mx\/index.php?rest_route=\/wp\/v2\/posts\/5980\/revisions"}],"predecessor-version":[{"id":7077,"href":"https:\/\/dc.diariodecomitan.com.mx\/index.php?rest_route=\/wp\/v2\/posts\/5980\/revisions\/7077"}],"wp:featuredmedia":[{"embeddable":true,"href":"https:\/\/dc.diariodecomitan.com.mx\/index.php?rest_route=\/wp\/v2\/media\/5984"}],"wp:attachment":[{"href":"https:\/\/dc.diariodecomitan.com.mx\/index.php?rest_route=%2Fwp%2Fv2%2Fmedia&parent=5980"}],"wp:term":[{"taxonomy":"category","embeddable":true,"href":"https:\/\/dc.diariodecomitan.com.mx\/index.php?rest_route=%2Fwp%2Fv2%2Fcategories&post=5980"},{"taxonomy":"post_tag","embeddable":true,"href":"https:\/\/dc.diariodecomitan.com.mx\/index.php?rest_route=%2Fwp%2Fv2%2Ftags&post=5980"}],"curies":[{"name":"wp","href":"https:\/\/api.w.org\/{rel}","templated":true}]}}