{"id":6262,"date":"2025-06-24T15:44:18","date_gmt":"2025-06-24T21:44:18","guid":{"rendered":"https:\/\/dc.diariodecomitan.com.mx\/?p=6262"},"modified":"2025-06-24T15:44:19","modified_gmt":"2025-06-24T21:44:19","slug":"inaugura-inge-sebastian-camino-rural-en-beneficio-de-agricultores-de-la-rancheria-morelia","status":"publish","type":"post","link":"https:\/\/dc.diariodecomitan.com.mx\/?p=6262","title":{"rendered":"Inaugura Inge Sebasti\u00e1n camino rural en beneficio de agricultores de la rancher\u00eda Morelia"},"content":{"rendered":"\n<p><strong>La Independencia, Chiapas; 24\/JUNIO\/2025.<\/strong> \u2014 En un acto de compromiso con las comunidades m\u00e1s alejadas del municipio, el presidente municipal de La Independencia, inge Sebasti\u00e1n, inaugur\u00f3 un kil\u00f3metro de camino rural en la rancher\u00eda Morelia, considerada una de las m\u00e1s peque\u00f1as y distantes de la regi\u00f3n.<\/p>\n\n\n\n<p>Acompa\u00f1ado por integrantes de su cabildo y el agente municipal \u00d3scar Hern\u00e1ndez, el alcalde expres\u00f3 que su administraci\u00f3n tiene la firme convicci\u00f3n de atender a todas las comunidades, sin importar su tama\u00f1o o ubicaci\u00f3n.<\/p>\n\n\n\n<figure class=\"wp-block-image size-large\"><img loading=\"lazy\" decoding=\"async\" width=\"1024\" height=\"682\" src=\"https:\/\/dc.diariodecomitan.com.mx\/wp-content\/uploads\/2025\/06\/7c1f4511-c646-45ef-8866-96e40fce10e6-1024x682.jpeg\" alt=\"\" class=\"wp-image-6263\" srcset=\"https:\/\/dc.diariodecomitan.com.mx\/wp-content\/uploads\/2025\/06\/7c1f4511-c646-45ef-8866-96e40fce10e6-1024x682.jpeg 1024w, https:\/\/dc.diariodecomitan.com.mx\/wp-content\/uploads\/2025\/06\/7c1f4511-c646-45ef-8866-96e40fce10e6-300x200.jpeg 300w, https:\/\/dc.diariodecomitan.com.mx\/wp-content\/uploads\/2025\/06\/7c1f4511-c646-45ef-8866-96e40fce10e6-768x512.jpeg 768w, https:\/\/dc.diariodecomitan.com.mx\/wp-content\/uploads\/2025\/06\/7c1f4511-c646-45ef-8866-96e40fce10e6-1536x1023.jpeg 1536w, https:\/\/dc.diariodecomitan.com.mx\/wp-content\/uploads\/2025\/06\/7c1f4511-c646-45ef-8866-96e40fce10e6.jpeg 1600w\" sizes=\"auto, (max-width: 1024px) 100vw, 1024px\" \/><\/figure>\n\n\n\n<p>\u201cPor muy peque\u00f1a que sea la comunidad, por chiquita que sea la rancher\u00eda, por alejada que est\u00e9, a todas las vamos a visitar y en todas vamos a tener obra\u201d, afirm\u00f3 el mandatario municipal.<\/p>\n\n\n\n<p>La apertura de este camino, que conecta con potreros y zonas de cultivo, representa un avance significativo para los productores locales, quienes durante a\u00f1os enfrentaron dificultades para transportar sus cosechas.<\/p>\n\n\n\n<figure class=\"wp-block-image size-large\"><img loading=\"lazy\" decoding=\"async\" width=\"1024\" height=\"576\" src=\"https:\/\/dc.diariodecomitan.com.mx\/wp-content\/uploads\/2025\/06\/107334f4-ac8f-41cd-9a05-8d37a7d0a322-1024x576.jpeg\" alt=\"\" class=\"wp-image-6264\" srcset=\"https:\/\/dc.diariodecomitan.com.mx\/wp-content\/uploads\/2025\/06\/107334f4-ac8f-41cd-9a05-8d37a7d0a322-1024x576.jpeg 1024w, https:\/\/dc.diariodecomitan.com.mx\/wp-content\/uploads\/2025\/06\/107334f4-ac8f-41cd-9a05-8d37a7d0a322-300x169.jpeg 300w, https:\/\/dc.diariodecomitan.com.mx\/wp-content\/uploads\/2025\/06\/107334f4-ac8f-41cd-9a05-8d37a7d0a322-768x432.jpeg 768w, https:\/\/dc.diariodecomitan.com.mx\/wp-content\/uploads\/2025\/06\/107334f4-ac8f-41cd-9a05-8d37a7d0a322-1536x864.jpeg 1536w, https:\/\/dc.diariodecomitan.com.mx\/wp-content\/uploads\/2025\/06\/107334f4-ac8f-41cd-9a05-8d37a7d0a322-2048x1152.jpeg 2048w\" sizes=\"auto, (max-width: 1024px) 100vw, 1024px\" \/><\/figure>\n\n\n\n<p>\u201cPor a\u00f1os hab\u00edamos batallado, pero hoy nos est\u00e1 ayudando mucho, porque tenemos nuestros cultivos y la gente sufr\u00eda para sacar los productos; al fin nos lleg\u00f3 el momento y le agradecemos su labor\u201d, expresaron con gratitud los habitantes beneficiados.<\/p>\n\n\n\n<p>El presidente municipal reiter\u00f3 su compromiso de seguir construyendo y mejorando las comunidades rurales, reconociendo el valor que estas obras tienen para la vida productiva del municipio.<\/p>\n\n\n\n<figure class=\"wp-block-image size-large\"><img loading=\"lazy\" decoding=\"async\" width=\"1024\" height=\"576\" src=\"https:\/\/dc.diariodecomitan.com.mx\/wp-content\/uploads\/2025\/06\/16915df4-acb9-44e2-9950-95e94b6eb898-1024x576.jpeg\" alt=\"\" class=\"wp-image-6266\" srcset=\"https:\/\/dc.diariodecomitan.com.mx\/wp-content\/uploads\/2025\/06\/16915df4-acb9-44e2-9950-95e94b6eb898-1024x576.jpeg 1024w, https:\/\/dc.diariodecomitan.com.mx\/wp-content\/uploads\/2025\/06\/16915df4-acb9-44e2-9950-95e94b6eb898-300x169.jpeg 300w, https:\/\/dc.diariodecomitan.com.mx\/wp-content\/uploads\/2025\/06\/16915df4-acb9-44e2-9950-95e94b6eb898-768x432.jpeg 768w, https:\/\/dc.diariodecomitan.com.mx\/wp-content\/uploads\/2025\/06\/16915df4-acb9-44e2-9950-95e94b6eb898-1536x864.jpeg 1536w, https:\/\/dc.diariodecomitan.com.mx\/wp-content\/uploads\/2025\/06\/16915df4-acb9-44e2-9950-95e94b6eb898-2048x1152.jpeg 2048w\" sizes=\"auto, (max-width: 1024px) 100vw, 1024px\" \/><\/figure>\n\n\n\n<p>Con acciones como esta, que priorizan el bienestar del campo y la inversi\u00f3n en zonas marginadas, La Independencia avanza firme hacia un desarrollo equitativo e incluyente.<\/p>\n","protected":false},"excerpt":{"rendered":"<p>La Independencia, Chiapas; 24\/JUNIO\/2025. \u2014 En un acto de compromiso con las comunidades m\u00e1s alejadas del municipio, el presidente municipal de La Independencia, inge Sebasti\u00e1n, inaugur\u00f3 un kil\u00f3metro de camino&hellip; <\/p>\n","protected":false},"author":2,"featured_media":6267,"comment_status":"closed","ping_status":"closed","sticky":false,"template":"","format":"standard","meta":{"footnotes":""},"categories":[17],"tags":[],"class_list":["post-6262","post","type-post","status-publish","format-standard","has-post-thumbnail","hentry","category-municipios"],"_links":{"self":[{"href":"https:\/\/dc.diariodecomitan.com.mx\/index.php?rest_route=\/wp\/v2\/posts\/6262","targetHints":{"allow":["GET"]}}],"collection":[{"href":"https:\/\/dc.diariodecomitan.com.mx\/index.php?rest_route=\/wp\/v2\/posts"}],"about":[{"href":"https:\/\/dc.diariodecomitan.com.mx\/index.php?rest_route=\/wp\/v2\/types\/post"}],"author":[{"embeddable":true,"href":"https:\/\/dc.diariodecomitan.com.mx\/index.php?rest_route=\/wp\/v2\/users\/2"}],"replies":[{"embeddable":true,"href":"https:\/\/dc.diariodecomitan.com.mx\/index.php?rest_route=%2Fwp%2Fv2%2Fcomments&post=6262"}],"version-history":[{"count":1,"href":"https:\/\/dc.diariodecomitan.com.mx\/index.php?rest_route=\/wp\/v2\/posts\/6262\/revisions"}],"predecessor-version":[{"id":6268,"href":"https:\/\/dc.diariodecomitan.com.mx\/index.php?rest_route=\/wp\/v2\/posts\/6262\/revisions\/6268"}],"wp:featuredmedia":[{"embeddable":true,"href":"https:\/\/dc.diariodecomitan.com.mx\/index.php?rest_route=\/wp\/v2\/media\/6267"}],"wp:attachment":[{"href":"https:\/\/dc.diariodecomitan.com.mx\/index.php?rest_route=%2Fwp%2Fv2%2Fmedia&parent=6262"}],"wp:term":[{"taxonomy":"category","embeddable":true,"href":"https:\/\/dc.diariodecomitan.com.mx\/index.php?rest_route=%2Fwp%2Fv2%2Fcategories&post=6262"},{"taxonomy":"post_tag","embeddable":true,"href":"https:\/\/dc.diariodecomitan.com.mx\/index.php?rest_route=%2Fwp%2Fv2%2Ftags&post=6262"}],"curies":[{"name":"wp","href":"https:\/\/api.w.org\/{rel}","templated":true}]}}