{"id":6751,"date":"2025-07-02T13:34:25","date_gmt":"2025-07-02T19:34:25","guid":{"rendered":"https:\/\/dc.diariodecomitan.com.mx\/?p=6751"},"modified":"2025-07-02T13:34:27","modified_gmt":"2025-07-02T19:34:27","slug":"fge-y-ssp-ejecutan-orden-de-aprehension-por-el-delito-de-extorsion-agravada","status":"publish","type":"post","link":"https:\/\/dc.diariodecomitan.com.mx\/?p=6751","title":{"rendered":"FGE y SSP ejecutan orden de aprehensi\u00f3n por el delito de extorsi\u00f3n agravada"},"content":{"rendered":"\n<p><strong>Por hechos ocurridos en la ciudad de Tuxtla Guti\u00e9rrez<\/strong><\/p>\n\n\n\n<p>La Fiscal\u00eda General del Estado y la Secretar\u00eda de Seguridad del Pueblo ejecutaron orden de aprehensi\u00f3n en contra de Brenda \u201cN\u201d, por su probable responsabilidad en el delito de extorsi\u00f3n agravada, en contra de una v\u00edctima de identidad resguardada, por hechos ocurridos en la ciudad de Tuxtla Guti\u00e9rrez.<\/p>\n\n\n<div class=\"wp-block-image\">\n<figure class=\"aligncenter size-large is-resized\"><img loading=\"lazy\" decoding=\"async\" width=\"1024\" height=\"955\" src=\"https:\/\/dc.diariodecomitan.com.mx\/wp-content\/uploads\/2025\/07\/8c026a5e-9fea-44db-9e4d-aa4f990c535c-1024x955.jpg\" alt=\"\" class=\"wp-image-6752\" style=\"width:534px;height:auto\" srcset=\"https:\/\/dc.diariodecomitan.com.mx\/wp-content\/uploads\/2025\/07\/8c026a5e-9fea-44db-9e4d-aa4f990c535c-1024x955.jpg 1024w, https:\/\/dc.diariodecomitan.com.mx\/wp-content\/uploads\/2025\/07\/8c026a5e-9fea-44db-9e4d-aa4f990c535c-300x280.jpg 300w, https:\/\/dc.diariodecomitan.com.mx\/wp-content\/uploads\/2025\/07\/8c026a5e-9fea-44db-9e4d-aa4f990c535c-768x716.jpg 768w, https:\/\/dc.diariodecomitan.com.mx\/wp-content\/uploads\/2025\/07\/8c026a5e-9fea-44db-9e4d-aa4f990c535c.jpg 1158w\" sizes=\"auto, (max-width: 1024px) 100vw, 1024px\" \/><\/figure>\n<\/div>\n\n\n<p>De acuerdo con la investigaci\u00f3n, la indiciada solicit\u00f3 diversas cantidades de dinero a la v\u00edctima, a quien amenaz\u00f3 que de no hacerlo da\u00f1ar\u00eda su integridad f\u00edsica, la de sus familiares y la de sus hijos, a quienes, seg\u00fan refiri\u00f3, ten\u00eda ubicados y conoc\u00eda los movimientos que realizaban.<\/p>\n\n\n\n<p>A trav\u00e9s de la Direcci\u00f3n para la Protecci\u00f3n de Periodistas y Personas Defensoras de Derechos Humanos de la Fiscal\u00eda de Derechos Humanos, se llevaron a cabo las diligencias oportunas para deslindar responsabilidades en contra de todas las personas implicadas en los hechos, lo que desemboc\u00f3 en la aprehensi\u00f3n de la presunta responsable, quien<\/p>\n\n\n\n<p>fue puesta a disposici\u00f3n del \u00f3rgano jurisdiccional para que se determine su situaci\u00f3n jur\u00eddica.<\/p>\n\n\n\n<p>La Fiscal\u00eda General del Estado refrenda su compromiso de garantizar la seguridad y la paz del estado de Chiapas con Cero Impunidad.<\/p>\n","protected":false},"excerpt":{"rendered":"<p>Por hechos ocurridos en la ciudad de Tuxtla Guti\u00e9rrez La Fiscal\u00eda General del Estado y la Secretar\u00eda de Seguridad del Pueblo ejecutaron orden de aprehensi\u00f3n en contra de Brenda \u201cN\u201d,&hellip; <\/p>\n","protected":false},"author":2,"featured_media":6753,"comment_status":"closed","ping_status":"closed","sticky":false,"template":"","format":"standard","meta":{"footnotes":""},"categories":[8,10],"tags":[],"class_list":["post-6751","post","type-post","status-publish","format-standard","has-post-thumbnail","hentry","category-estatal","category-policiaca"],"_links":{"self":[{"href":"https:\/\/dc.diariodecomitan.com.mx\/index.php?rest_route=\/wp\/v2\/posts\/6751","targetHints":{"allow":["GET"]}}],"collection":[{"href":"https:\/\/dc.diariodecomitan.com.mx\/index.php?rest_route=\/wp\/v2\/posts"}],"about":[{"href":"https:\/\/dc.diariodecomitan.com.mx\/index.php?rest_route=\/wp\/v2\/types\/post"}],"author":[{"embeddable":true,"href":"https:\/\/dc.diariodecomitan.com.mx\/index.php?rest_route=\/wp\/v2\/users\/2"}],"replies":[{"embeddable":true,"href":"https:\/\/dc.diariodecomitan.com.mx\/index.php?rest_route=%2Fwp%2Fv2%2Fcomments&post=6751"}],"version-history":[{"count":1,"href":"https:\/\/dc.diariodecomitan.com.mx\/index.php?rest_route=\/wp\/v2\/posts\/6751\/revisions"}],"predecessor-version":[{"id":6754,"href":"https:\/\/dc.diariodecomitan.com.mx\/index.php?rest_route=\/wp\/v2\/posts\/6751\/revisions\/6754"}],"wp:featuredmedia":[{"embeddable":true,"href":"https:\/\/dc.diariodecomitan.com.mx\/index.php?rest_route=\/wp\/v2\/media\/6753"}],"wp:attachment":[{"href":"https:\/\/dc.diariodecomitan.com.mx\/index.php?rest_route=%2Fwp%2Fv2%2Fmedia&parent=6751"}],"wp:term":[{"taxonomy":"category","embeddable":true,"href":"https:\/\/dc.diariodecomitan.com.mx\/index.php?rest_route=%2Fwp%2Fv2%2Fcategories&post=6751"},{"taxonomy":"post_tag","embeddable":true,"href":"https:\/\/dc.diariodecomitan.com.mx\/index.php?rest_route=%2Fwp%2Fv2%2Ftags&post=6751"}],"curies":[{"name":"wp","href":"https:\/\/api.w.org\/{rel}","templated":true}]}}