{"id":6778,"date":"2025-07-02T20:25:17","date_gmt":"2025-07-03T02:25:17","guid":{"rendered":"https:\/\/dc.diariodecomitan.com.mx\/?p=6778"},"modified":"2025-07-03T23:42:20","modified_gmt":"2025-07-04T05:42:20","slug":"caen-siete-policias-municipales-de-comalapa","status":"publish","type":"post","link":"https:\/\/dc.diariodecomitan.com.mx\/?p=6778","title":{"rendered":"CAEN SIETE POLIC\u00cdAS municipales de COMALAPA"},"content":{"rendered":"\n<blockquote class=\"wp-block-quote is-layout-flow wp-block-quote-is-layout-flow\">\n<p><strong><em>Son acusado por delitos contra la salud, les encontraron droga. Fueron puestos a disposici\u00f3n de las autoridades correspondientes.<\/em><\/strong><\/p>\n<\/blockquote>\n\n\n\n<p><strong>To\u00f1o Aguilar.<\/strong><\/p>\n\n\n\n<p><strong>Frontera Comalapa; 02\/Julio\/2025.-<\/strong> Siete elementos activos de la Polic\u00eda Municipal de Frontera Comalapa fueron detenidos durante un operativo donde participaron diferentes corporaciones polic\u00edacas, quienes informaron que a los uniformados, les hallaron diversas dosis de droga, por lo que la Fiscal\u00eda de Chiapas inici\u00f3 una carpeta de investigaci\u00f3n.<\/p>\n\n\n\n<p>En un comunicado, la Secretar\u00eda de Seguridad del Pueblo inform\u00f3 que la detenci\u00f3n de los siete polic\u00edas se registr\u00f3 durante un operativo interinstitucional, es decir, donde participaron diferentes corporaciones polic\u00edacas.<\/p>\n\n\n<div class=\"wp-block-image\">\n<figure class=\"aligncenter size-large is-resized\"><img loading=\"lazy\" decoding=\"async\" width=\"1024\" height=\"619\" src=\"https:\/\/dc.diariodecomitan.com.mx\/wp-content\/uploads\/2025\/07\/CAEN-SIETE-POLICIAS-de-COMALAPA-001-1024x619.jpg\" alt=\"\" class=\"wp-image-6779\" style=\"width:754px;height:auto\" srcset=\"https:\/\/dc.diariodecomitan.com.mx\/wp-content\/uploads\/2025\/07\/CAEN-SIETE-POLICIAS-de-COMALAPA-001-1024x619.jpg 1024w, https:\/\/dc.diariodecomitan.com.mx\/wp-content\/uploads\/2025\/07\/CAEN-SIETE-POLICIAS-de-COMALAPA-001-300x181.jpg 300w, https:\/\/dc.diariodecomitan.com.mx\/wp-content\/uploads\/2025\/07\/CAEN-SIETE-POLICIAS-de-COMALAPA-001-768x464.jpg 768w, https:\/\/dc.diariodecomitan.com.mx\/wp-content\/uploads\/2025\/07\/CAEN-SIETE-POLICIAS-de-COMALAPA-001.jpg 1530w\" sizes=\"auto, (max-width: 1024px) 100vw, 1024px\" \/><\/figure>\n<\/div>\n\n\n<p>La dependencia detall\u00f3 que los detenidos fueron identificados como&nbsp; Misael \u201cN\u201d, Juan \u201cN\u201d, Samuel \u201cN\u201d, Hugo \u201cN\u201d, \u00d3scar \u201cN\u201d, Roberto \u201cN\u201d y Jacqueline \u201cN\u201d, mismos que fueron denunciados por dedicarse a la venta y distribuci\u00f3n de presuntos narc\u00f3ticos.<\/p>\n\n\n\n<p>Adem\u00e1s, en la detenci\u00f3n se les aseguraron 46 dosis con una sustancia granulada y cristalina, con las caracter\u00edsticas del cristal o metanfetamina, 23 bolsitas conteniendo hierba verde y seca con las caracter\u00edsticas de la marihuana.<\/p>\n\n\n\n<p>Cabe hacer menci\u00f3n que los elementos policiales municipales presuntamente se encuentran relacionados con una carpeta de&nbsp;investigaci\u00f3n.<\/p>\n","protected":false},"excerpt":{"rendered":"<p>Son acusado por delitos contra la salud, les encontraron droga. Fueron puestos a disposici\u00f3n de las autoridades correspondientes. To\u00f1o Aguilar. Frontera Comalapa; 02\/Julio\/2025.- Siete elementos activos de la Polic\u00eda Municipal&hellip; <\/p>\n","protected":false},"author":2,"featured_media":6779,"comment_status":"closed","ping_status":"closed","sticky":false,"template":"","format":"standard","meta":{"footnotes":""},"categories":[10],"tags":[],"class_list":["post-6778","post","type-post","status-publish","format-standard","has-post-thumbnail","hentry","category-policiaca"],"_links":{"self":[{"href":"https:\/\/dc.diariodecomitan.com.mx\/index.php?rest_route=\/wp\/v2\/posts\/6778","targetHints":{"allow":["GET"]}}],"collection":[{"href":"https:\/\/dc.diariodecomitan.com.mx\/index.php?rest_route=\/wp\/v2\/posts"}],"about":[{"href":"https:\/\/dc.diariodecomitan.com.mx\/index.php?rest_route=\/wp\/v2\/types\/post"}],"author":[{"embeddable":true,"href":"https:\/\/dc.diariodecomitan.com.mx\/index.php?rest_route=\/wp\/v2\/users\/2"}],"replies":[{"embeddable":true,"href":"https:\/\/dc.diariodecomitan.com.mx\/index.php?rest_route=%2Fwp%2Fv2%2Fcomments&post=6778"}],"version-history":[{"count":1,"href":"https:\/\/dc.diariodecomitan.com.mx\/index.php?rest_route=\/wp\/v2\/posts\/6778\/revisions"}],"predecessor-version":[{"id":6780,"href":"https:\/\/dc.diariodecomitan.com.mx\/index.php?rest_route=\/wp\/v2\/posts\/6778\/revisions\/6780"}],"wp:featuredmedia":[{"embeddable":true,"href":"https:\/\/dc.diariodecomitan.com.mx\/index.php?rest_route=\/wp\/v2\/media\/6779"}],"wp:attachment":[{"href":"https:\/\/dc.diariodecomitan.com.mx\/index.php?rest_route=%2Fwp%2Fv2%2Fmedia&parent=6778"}],"wp:term":[{"taxonomy":"category","embeddable":true,"href":"https:\/\/dc.diariodecomitan.com.mx\/index.php?rest_route=%2Fwp%2Fv2%2Fcategories&post=6778"},{"taxonomy":"post_tag","embeddable":true,"href":"https:\/\/dc.diariodecomitan.com.mx\/index.php?rest_route=%2Fwp%2Fv2%2Ftags&post=6778"}],"curies":[{"name":"wp","href":"https:\/\/api.w.org\/{rel}","templated":true}]}}