{"id":7544,"date":"2025-07-14T13:08:49","date_gmt":"2025-07-14T19:08:49","guid":{"rendered":"https:\/\/dc.diariodecomitan.com.mx\/?p=7544"},"modified":"2025-07-14T13:08:52","modified_gmt":"2025-07-14T19:08:52","slug":"joven-chiapaneca-es-recibida-por-el-rey-de-espana","status":"publish","type":"post","link":"https:\/\/dc.diariodecomitan.com.mx\/?p=7544","title":{"rendered":"Joven chiapaneca es recibida por el Rey de Espa\u00f1a"},"content":{"rendered":"\n<p><strong>Sof\u00eda Le\u00f3n, originaria de San Crist\u00f3bal represent\u00f3 a M\u00e9xico en el Programa J\u00f3venes L\u00edderes Iberoamericanos en Europa<\/strong><\/p>\n\n\n\n<p><strong>Ari Peralta<\/strong><\/p>\n\n\n\n<p><strong>Comit\u00e1n, Chiapas; 14\/JULIO\/2025<\/strong>.- La chiapaneca Sof\u00eda Le\u00f3n fue seleccionada como una de las 25 j\u00f3venes l\u00edderes m\u00e1s destacadas de Iberoam\u00e9rica, Espa\u00f1a y Portugal, y es que fue elegida entre los m\u00e1s de 3 mil aspirantes para participar en el Programa J\u00f3venes L\u00edderes Iberoamericanos 2025, organizado por la Fundaci\u00f3n Carolina y el Banco Santander.<\/p>\n\n\n\n<p>Oriunda del municipio de San Crist\u00f3bal de Las Casas, la joven es licenciada en Derecho por la Universidad Aut\u00f3noma de Chiapas y maestrante en Gobierno y Pol\u00edticas P\u00fablicas por la Facultad Libre de Derecho de Chiapas.<\/p>\n\n\n\n<figure class=\"wp-block-image size-large\"><img loading=\"lazy\" decoding=\"async\" width=\"576\" height=\"1024\" src=\"https:\/\/dc.diariodecomitan.com.mx\/wp-content\/uploads\/2025\/07\/6e1cb691-e7f5-4ee0-96bc-b098292141ee-576x1024.jpeg\" alt=\"\" class=\"wp-image-7545\" srcset=\"https:\/\/dc.diariodecomitan.com.mx\/wp-content\/uploads\/2025\/07\/6e1cb691-e7f5-4ee0-96bc-b098292141ee-576x1024.jpeg 576w, https:\/\/dc.diariodecomitan.com.mx\/wp-content\/uploads\/2025\/07\/6e1cb691-e7f5-4ee0-96bc-b098292141ee-169x300.jpeg 169w, https:\/\/dc.diariodecomitan.com.mx\/wp-content\/uploads\/2025\/07\/6e1cb691-e7f5-4ee0-96bc-b098292141ee.jpeg 720w\" sizes=\"auto, (max-width: 576px) 100vw, 576px\" \/><\/figure>\n\n\n\n<p>Dicho programa, se llev\u00f3 a cabo en tres sedes: Madrid, La Coru\u00f1a y Bruselas, donde las y los participantes sostuvieron encuentros con instituciones como la Comisi\u00f3n Europea, el Parlamento Europeo, la OTAN, el Congreso de los Diputados de Espa\u00f1a, donde la bienvenida estuvo a cargo por el jefe de Estado, el Rey Felipe VI.<\/p>\n\n\n\n<figure class=\"wp-block-image size-large\"><img loading=\"lazy\" decoding=\"async\" width=\"1024\" height=\"682\" src=\"https:\/\/dc.diariodecomitan.com.mx\/wp-content\/uploads\/2025\/07\/408a0be1-fd84-4f11-97f8-e8cbcc495e14-1024x682.jpeg\" alt=\"\" class=\"wp-image-7546\" srcset=\"https:\/\/dc.diariodecomitan.com.mx\/wp-content\/uploads\/2025\/07\/408a0be1-fd84-4f11-97f8-e8cbcc495e14-1024x682.jpeg 1024w, https:\/\/dc.diariodecomitan.com.mx\/wp-content\/uploads\/2025\/07\/408a0be1-fd84-4f11-97f8-e8cbcc495e14-300x200.jpeg 300w, https:\/\/dc.diariodecomitan.com.mx\/wp-content\/uploads\/2025\/07\/408a0be1-fd84-4f11-97f8-e8cbcc495e14-768x512.jpeg 768w, https:\/\/dc.diariodecomitan.com.mx\/wp-content\/uploads\/2025\/07\/408a0be1-fd84-4f11-97f8-e8cbcc495e14.jpeg 1280w\" sizes=\"auto, (max-width: 1024px) 100vw, 1024px\" \/><\/figure>\n\n\n\n<p>Es de mencionar que, durante el evento, se desarrollaron coloquios con l\u00edderes en temas como sostenibilidad, cooperaci\u00f3n internacional, derechos humanos, econom\u00eda social y transformaci\u00f3n digital.<\/p>\n\n\n\n<p>Fue as\u00ed que, Sof\u00eda Le\u00f3n, partiendo desde una perspectiva feminista y latinoamericana, tuvo una participaci\u00f3n que contribuy\u00f3 a visibilizar la importancia de que mujeres j\u00f3venes accedan a espacios de toma de decisiones, construyan redes de liderazgo transformador y promuevan agendas centradas en la justicia social, la equidad de g\u00e9nero y los derechos humanos.<\/p>\n","protected":false},"excerpt":{"rendered":"<p>Sof\u00eda Le\u00f3n, originaria de San Crist\u00f3bal represent\u00f3 a M\u00e9xico en el Programa J\u00f3venes L\u00edderes Iberoamericanos en Europa Ari Peralta Comit\u00e1n, Chiapas; 14\/JULIO\/2025.- La chiapaneca Sof\u00eda Le\u00f3n fue seleccionada como una&hellip; <\/p>\n","protected":false},"author":2,"featured_media":7547,"comment_status":"closed","ping_status":"closed","sticky":false,"template":"","format":"standard","meta":{"footnotes":""},"categories":[8,12,16],"tags":[],"class_list":["post-7544","post","type-post","status-publish","format-standard","has-post-thumbnail","hentry","category-estatal","category-nacional","category-portada"],"_links":{"self":[{"href":"https:\/\/dc.diariodecomitan.com.mx\/index.php?rest_route=\/wp\/v2\/posts\/7544","targetHints":{"allow":["GET"]}}],"collection":[{"href":"https:\/\/dc.diariodecomitan.com.mx\/index.php?rest_route=\/wp\/v2\/posts"}],"about":[{"href":"https:\/\/dc.diariodecomitan.com.mx\/index.php?rest_route=\/wp\/v2\/types\/post"}],"author":[{"embeddable":true,"href":"https:\/\/dc.diariodecomitan.com.mx\/index.php?rest_route=\/wp\/v2\/users\/2"}],"replies":[{"embeddable":true,"href":"https:\/\/dc.diariodecomitan.com.mx\/index.php?rest_route=%2Fwp%2Fv2%2Fcomments&post=7544"}],"version-history":[{"count":1,"href":"https:\/\/dc.diariodecomitan.com.mx\/index.php?rest_route=\/wp\/v2\/posts\/7544\/revisions"}],"predecessor-version":[{"id":7548,"href":"https:\/\/dc.diariodecomitan.com.mx\/index.php?rest_route=\/wp\/v2\/posts\/7544\/revisions\/7548"}],"wp:featuredmedia":[{"embeddable":true,"href":"https:\/\/dc.diariodecomitan.com.mx\/index.php?rest_route=\/wp\/v2\/media\/7547"}],"wp:attachment":[{"href":"https:\/\/dc.diariodecomitan.com.mx\/index.php?rest_route=%2Fwp%2Fv2%2Fmedia&parent=7544"}],"wp:term":[{"taxonomy":"category","embeddable":true,"href":"https:\/\/dc.diariodecomitan.com.mx\/index.php?rest_route=%2Fwp%2Fv2%2Fcategories&post=7544"},{"taxonomy":"post_tag","embeddable":true,"href":"https:\/\/dc.diariodecomitan.com.mx\/index.php?rest_route=%2Fwp%2Fv2%2Ftags&post=7544"}],"curies":[{"name":"wp","href":"https:\/\/api.w.org\/{rel}","templated":true}]}}