{"id":7549,"date":"2025-07-14T14:02:14","date_gmt":"2025-07-14T20:02:14","guid":{"rendered":"https:\/\/dc.diariodecomitan.com.mx\/?p=7549"},"modified":"2025-07-14T14:08:31","modified_gmt":"2025-07-14T20:08:31","slug":"abre-modulo-adicional-para-emplacamiento-de-motocicletas-en-gobierno-expres-de-comitan","status":"publish","type":"post","link":"https:\/\/dc.diariodecomitan.com.mx\/?p=7549","title":{"rendered":"Abre M\u00f3dulo Adicional para Emplacamiento de Motocicletas en Gobierno Expr\u00e9s de Comit\u00e1n"},"content":{"rendered":"\n<p><strong>Comit\u00e1n, Chiapas14\/JULIO\/2025<\/strong>.\u2013 La Delegaci\u00f3n de Finanzas en Comit\u00e1n anunci\u00f3 la apertura de un m\u00f3dulo adicional para facilitar el tr\u00e1mite de emplacamiento de motocicletas, el cual estar\u00e1 ubicado en las instalaciones de Gobierno Expr\u00e9s, en Boulevard Sur Dr. Belisario Guti\u00e9rrez, sin n\u00famero, Barrio Nicalococ.<\/p>\n\n\n\n<p>Este nuevo m\u00f3dulo comenzar\u00e1 a operar a partir del lunes 14 de julio de 2025, con el objetivo de brindar una atenci\u00f3n m\u00e1s \u00e1gil y cercana a la ciudadan\u00eda que busca regularizar sus veh\u00edculos de dos ruedas.<\/p>\n\n\n\n<p>El horario de atenci\u00f3n ser\u00e1 de lunes a jueves de 08:30 a 15:00 horas, y los viernes de 08:30 a 13:00 horas.<\/p>\n\n\n\n<p>Las autoridades invitan a la poblaci\u00f3n a aprovechar este servicio y recuerdan la importancia de mantener la documentaci\u00f3n vehicular en regla para mayor seguridad y cumplimiento de la ley.<\/p>\n\n\n\n<figure class=\"wp-block-image size-large\"><img loading=\"lazy\" decoding=\"async\" width=\"583\" height=\"1024\" src=\"https:\/\/dc.diariodecomitan.com.mx\/wp-content\/uploads\/2025\/07\/155e05e5-baf3-4de9-833d-0499547499d2-583x1024.jpeg\" alt=\"\" class=\"wp-image-7554\" srcset=\"https:\/\/dc.diariodecomitan.com.mx\/wp-content\/uploads\/2025\/07\/155e05e5-baf3-4de9-833d-0499547499d2-583x1024.jpeg 583w, https:\/\/dc.diariodecomitan.com.mx\/wp-content\/uploads\/2025\/07\/155e05e5-baf3-4de9-833d-0499547499d2-171x300.jpeg 171w, https:\/\/dc.diariodecomitan.com.mx\/wp-content\/uploads\/2025\/07\/155e05e5-baf3-4de9-833d-0499547499d2-768x1349.jpeg 768w, https:\/\/dc.diariodecomitan.com.mx\/wp-content\/uploads\/2025\/07\/155e05e5-baf3-4de9-833d-0499547499d2-874x1536.jpeg 874w, https:\/\/dc.diariodecomitan.com.mx\/wp-content\/uploads\/2025\/07\/155e05e5-baf3-4de9-833d-0499547499d2-1166x2048.jpeg 1166w, https:\/\/dc.diariodecomitan.com.mx\/wp-content\/uploads\/2025\/07\/155e05e5-baf3-4de9-833d-0499547499d2.jpeg 1284w\" sizes=\"auto, (max-width: 583px) 100vw, 583px\" \/><\/figure>\n","protected":false},"excerpt":{"rendered":"<p>Comit\u00e1n, Chiapas14\/JULIO\/2025.\u2013 La Delegaci\u00f3n de Finanzas en Comit\u00e1n anunci\u00f3 la apertura de un m\u00f3dulo adicional para facilitar el tr\u00e1mite de emplacamiento de motocicletas, el cual estar\u00e1 ubicado en las instalaciones&hellip; <\/p>\n","protected":false},"author":2,"featured_media":7550,"comment_status":"closed","ping_status":"closed","sticky":false,"template":"","format":"standard","meta":{"footnotes":""},"categories":[3,16],"tags":[],"class_list":["post-7549","post","type-post","status-publish","format-standard","has-post-thumbnail","hentry","category-comitan","category-portada"],"_links":{"self":[{"href":"https:\/\/dc.diariodecomitan.com.mx\/index.php?rest_route=\/wp\/v2\/posts\/7549","targetHints":{"allow":["GET"]}}],"collection":[{"href":"https:\/\/dc.diariodecomitan.com.mx\/index.php?rest_route=\/wp\/v2\/posts"}],"about":[{"href":"https:\/\/dc.diariodecomitan.com.mx\/index.php?rest_route=\/wp\/v2\/types\/post"}],"author":[{"embeddable":true,"href":"https:\/\/dc.diariodecomitan.com.mx\/index.php?rest_route=\/wp\/v2\/users\/2"}],"replies":[{"embeddable":true,"href":"https:\/\/dc.diariodecomitan.com.mx\/index.php?rest_route=%2Fwp%2Fv2%2Fcomments&post=7549"}],"version-history":[{"count":3,"href":"https:\/\/dc.diariodecomitan.com.mx\/index.php?rest_route=\/wp\/v2\/posts\/7549\/revisions"}],"predecessor-version":[{"id":7556,"href":"https:\/\/dc.diariodecomitan.com.mx\/index.php?rest_route=\/wp\/v2\/posts\/7549\/revisions\/7556"}],"wp:featuredmedia":[{"embeddable":true,"href":"https:\/\/dc.diariodecomitan.com.mx\/index.php?rest_route=\/wp\/v2\/media\/7550"}],"wp:attachment":[{"href":"https:\/\/dc.diariodecomitan.com.mx\/index.php?rest_route=%2Fwp%2Fv2%2Fmedia&parent=7549"}],"wp:term":[{"taxonomy":"category","embeddable":true,"href":"https:\/\/dc.diariodecomitan.com.mx\/index.php?rest_route=%2Fwp%2Fv2%2Fcategories&post=7549"},{"taxonomy":"post_tag","embeddable":true,"href":"https:\/\/dc.diariodecomitan.com.mx\/index.php?rest_route=%2Fwp%2Fv2%2Ftags&post=7549"}],"curies":[{"name":"wp","href":"https:\/\/api.w.org\/{rel}","templated":true}]}}