{"id":7558,"date":"2025-07-14T17:42:39","date_gmt":"2025-07-14T23:42:39","guid":{"rendered":"https:\/\/dc.diariodecomitan.com.mx\/?p=7558"},"modified":"2025-07-14T17:42:41","modified_gmt":"2025-07-14T23:42:41","slug":"en-comitan-advierten-sobre-puntos-de-riesgo-dentro-de-la-ciudad","status":"publish","type":"post","link":"https:\/\/dc.diariodecomitan.com.mx\/?p=7558","title":{"rendered":"En Comit\u00e1n Advierten sobre puntos de riesgo dentro de la ciudad"},"content":{"rendered":"\n<p><strong>Protecci\u00f3n Civil coloc\u00f3 letreros de advertencia de riesgo en caso de inundaci\u00f3n ante fuertes lluvias<\/strong><br><\/p>\n\n\n\n<p><strong>La idea es advertir a la poblaci\u00f3n sobre el riesgo que corre en caso de encharcamiento<br><\/strong><\/p>\n\n\n\n<p><br><\/p>\n\n\n\n<p><strong>To\u00f1o Aguilar <\/strong><\/p>\n\n\n\n<p><strong>Comit\u00e1n, Chiapas; 14\/JULIO\/2025<\/strong>.- Con el objetivo de que la ciudadan\u00eda identifique los puntos de riesgo dentro de la ciudad en caso de lluvias intensas, la Secretaria de Protecci\u00f3n Civil coloc\u00f3 letreros de alerta para evitar que automovilistas y transe\u00fantes se arriesguen a cruzar por lugares que representan inseguridad cuando se registran fuertes lluvias.<\/p>\n\n\n\n<figure class=\"wp-block-image size-large\"><img loading=\"lazy\" decoding=\"async\" width=\"1024\" height=\"576\" src=\"https:\/\/dc.diariodecomitan.com.mx\/wp-content\/uploads\/2025\/07\/ac271c0c-25dd-49bb-9aa2-7ff2068ce506-1024x576.jpeg\" alt=\"\" class=\"wp-image-7559\" srcset=\"https:\/\/dc.diariodecomitan.com.mx\/wp-content\/uploads\/2025\/07\/ac271c0c-25dd-49bb-9aa2-7ff2068ce506-1024x576.jpeg 1024w, https:\/\/dc.diariodecomitan.com.mx\/wp-content\/uploads\/2025\/07\/ac271c0c-25dd-49bb-9aa2-7ff2068ce506-300x169.jpeg 300w, https:\/\/dc.diariodecomitan.com.mx\/wp-content\/uploads\/2025\/07\/ac271c0c-25dd-49bb-9aa2-7ff2068ce506-768x432.jpeg 768w, https:\/\/dc.diariodecomitan.com.mx\/wp-content\/uploads\/2025\/07\/ac271c0c-25dd-49bb-9aa2-7ff2068ce506.jpeg 1280w\" sizes=\"auto, (max-width: 1024px) 100vw, 1024px\" \/><\/figure>\n\n\n\n<p>El Subsecretario de Protecci\u00f3n Civil en Chiapas, Valenti Manzo, informo que en Comit\u00e1n se han detectado seis puntos de riesgo dentro de la ciudad, los cuales y de acuerdo al antecedente, representan un riesgo sobre todo en el momento que se registran fuertes lluvias.<\/p>\n\n\n\n<p>\u00abEl objetivo es que la ciudadan\u00eda este alertada sobre los puntos de riesgo y evitar as\u00ed, accidentes. La ciudadan\u00eda juega un papel importante en esta medida de prevenci\u00f3n, porque ser\u00e1n ellos quienes identifiquen el riesgo que corren al querer cruzar una v\u00eda que sufre inundaciones y encharcamientos\u00bb, mencion\u00f3 Valenti Manzo.<\/p>\n\n\n\n<figure class=\"wp-block-image size-large\"><img loading=\"lazy\" decoding=\"async\" width=\"1024\" height=\"576\" src=\"https:\/\/dc.diariodecomitan.com.mx\/wp-content\/uploads\/2025\/07\/5434d298-b38c-476b-a1ec-a305943c8710-1024x576.jpeg\" alt=\"\" class=\"wp-image-7561\" srcset=\"https:\/\/dc.diariodecomitan.com.mx\/wp-content\/uploads\/2025\/07\/5434d298-b38c-476b-a1ec-a305943c8710-1024x576.jpeg 1024w, https:\/\/dc.diariodecomitan.com.mx\/wp-content\/uploads\/2025\/07\/5434d298-b38c-476b-a1ec-a305943c8710-300x169.jpeg 300w, https:\/\/dc.diariodecomitan.com.mx\/wp-content\/uploads\/2025\/07\/5434d298-b38c-476b-a1ec-a305943c8710-768x432.jpeg 768w, https:\/\/dc.diariodecomitan.com.mx\/wp-content\/uploads\/2025\/07\/5434d298-b38c-476b-a1ec-a305943c8710.jpeg 1280w\" sizes=\"auto, (max-width: 1024px) 100vw, 1024px\" \/><\/figure>\n\n\n\n<p>Agreg\u00f3 que, en ese sentido,&nbsp; se colocar\u00e1n letreros para que la ciudadan\u00eda sepa que est\u00e1 en una zona de riesgo. \u00abYa se hizo en Tuxtla, ahorita se est\u00e1n haciendo en Comit\u00e1n y as\u00ed, iremos a varios municipios del Estado para evitar accidentes.<\/p>\n\n\n\n<figure class=\"wp-block-image size-large\"><img loading=\"lazy\" decoding=\"async\" width=\"1024\" height=\"576\" src=\"https:\/\/dc.diariodecomitan.com.mx\/wp-content\/uploads\/2025\/07\/bed8d15a-cf16-46be-b07f-cb017eb828ee-1024x576.jpeg\" alt=\"\" class=\"wp-image-7560\" srcset=\"https:\/\/dc.diariodecomitan.com.mx\/wp-content\/uploads\/2025\/07\/bed8d15a-cf16-46be-b07f-cb017eb828ee-1024x576.jpeg 1024w, https:\/\/dc.diariodecomitan.com.mx\/wp-content\/uploads\/2025\/07\/bed8d15a-cf16-46be-b07f-cb017eb828ee-300x169.jpeg 300w, https:\/\/dc.diariodecomitan.com.mx\/wp-content\/uploads\/2025\/07\/bed8d15a-cf16-46be-b07f-cb017eb828ee-768x432.jpeg 768w, https:\/\/dc.diariodecomitan.com.mx\/wp-content\/uploads\/2025\/07\/bed8d15a-cf16-46be-b07f-cb017eb828ee-1536x864.jpeg 1536w, https:\/\/dc.diariodecomitan.com.mx\/wp-content\/uploads\/2025\/07\/bed8d15a-cf16-46be-b07f-cb017eb828ee.jpeg 1600w\" sizes=\"auto, (max-width: 1024px) 100vw, 1024px\" \/><\/figure>\n\n\n\n<p>Cabe hacer menci\u00f3n que est\u00e1 medida se tom\u00f3 debido a que la Secretaria de Protecci\u00f3n Civil ha identificado diferentes puntos dentro de las ciudades, que representan un severo riesgo para la poblaci\u00f3n, por ello, la intenci\u00f3n es prevenir accidentes que en un futuro puedan ser lamentables.<\/p>\n","protected":false},"excerpt":{"rendered":"<p>Protecci\u00f3n Civil coloc\u00f3 letreros de advertencia de riesgo en caso de inundaci\u00f3n ante fuertes lluvias La idea es advertir a la poblaci\u00f3n sobre el riesgo que corre en caso de&hellip; <\/p>\n","protected":false},"author":2,"featured_media":7562,"comment_status":"closed","ping_status":"closed","sticky":false,"template":"","format":"standard","meta":{"footnotes":""},"categories":[3,16],"tags":[],"class_list":["post-7558","post","type-post","status-publish","format-standard","has-post-thumbnail","hentry","category-comitan","category-portada"],"_links":{"self":[{"href":"https:\/\/dc.diariodecomitan.com.mx\/index.php?rest_route=\/wp\/v2\/posts\/7558","targetHints":{"allow":["GET"]}}],"collection":[{"href":"https:\/\/dc.diariodecomitan.com.mx\/index.php?rest_route=\/wp\/v2\/posts"}],"about":[{"href":"https:\/\/dc.diariodecomitan.com.mx\/index.php?rest_route=\/wp\/v2\/types\/post"}],"author":[{"embeddable":true,"href":"https:\/\/dc.diariodecomitan.com.mx\/index.php?rest_route=\/wp\/v2\/users\/2"}],"replies":[{"embeddable":true,"href":"https:\/\/dc.diariodecomitan.com.mx\/index.php?rest_route=%2Fwp%2Fv2%2Fcomments&post=7558"}],"version-history":[{"count":1,"href":"https:\/\/dc.diariodecomitan.com.mx\/index.php?rest_route=\/wp\/v2\/posts\/7558\/revisions"}],"predecessor-version":[{"id":7563,"href":"https:\/\/dc.diariodecomitan.com.mx\/index.php?rest_route=\/wp\/v2\/posts\/7558\/revisions\/7563"}],"wp:featuredmedia":[{"embeddable":true,"href":"https:\/\/dc.diariodecomitan.com.mx\/index.php?rest_route=\/wp\/v2\/media\/7562"}],"wp:attachment":[{"href":"https:\/\/dc.diariodecomitan.com.mx\/index.php?rest_route=%2Fwp%2Fv2%2Fmedia&parent=7558"}],"wp:term":[{"taxonomy":"category","embeddable":true,"href":"https:\/\/dc.diariodecomitan.com.mx\/index.php?rest_route=%2Fwp%2Fv2%2Fcategories&post=7558"},{"taxonomy":"post_tag","embeddable":true,"href":"https:\/\/dc.diariodecomitan.com.mx\/index.php?rest_route=%2Fwp%2Fv2%2Ftags&post=7558"}],"curies":[{"name":"wp","href":"https:\/\/api.w.org\/{rel}","templated":true}]}}