{"id":8505,"date":"2025-07-29T17:31:14","date_gmt":"2025-07-29T23:31:14","guid":{"rendered":"https:\/\/dc.diariodecomitan.com.mx\/?p=8505"},"modified":"2025-07-29T17:31:16","modified_gmt":"2025-07-29T23:31:16","slug":"avanza-gestion-en-materia-de-salud-para-las-margaritas-centros-medicos-contaran-con-mas-personal-y-especialistas","status":"publish","type":"post","link":"https:\/\/dc.diariodecomitan.com.mx\/?p=8505","title":{"rendered":"Avanza gesti\u00f3n en materia de salud para Las Margaritas: centros m\u00e9dicos contar\u00e1n con m\u00e1s personal y especialistas"},"content":{"rendered":"\n<p><strong>Las Margaritas, Chiapas; 29\/JULIO\/2025.<\/strong>&#8211; El presidente municipal Bladimir Hern\u00e1ndez \u00c1lvarez inform\u00f3 que contin\u00faan las gestiones para mejorar los servicios de salud en beneficio de todas y todos los margaritenses.<\/p>\n\n\n\n<p>En compa\u00f1\u00eda de autoridades del ejido Amparo Agua Tinta, el edil sostuvo una reuni\u00f3n en la Ciudad de M\u00e9xico con el maestro Gerardo Orantes, jefe de oficina de la Direcci\u00f3n General del IMSS Bienestar, logrando avances significativos en la materia.<\/p>\n\n\n\n<figure class=\"wp-block-image size-large\"><img loading=\"lazy\" decoding=\"async\" width=\"1024\" height=\"768\" src=\"https:\/\/dc.diariodecomitan.com.mx\/wp-content\/uploads\/2025\/07\/IMG_9363-1024x768.jpeg\" alt=\"\" class=\"wp-image-8506\" srcset=\"https:\/\/dc.diariodecomitan.com.mx\/wp-content\/uploads\/2025\/07\/IMG_9363-1024x768.jpeg 1024w, https:\/\/dc.diariodecomitan.com.mx\/wp-content\/uploads\/2025\/07\/IMG_9363-300x225.jpeg 300w, https:\/\/dc.diariodecomitan.com.mx\/wp-content\/uploads\/2025\/07\/IMG_9363-768x576.jpeg 768w, https:\/\/dc.diariodecomitan.com.mx\/wp-content\/uploads\/2025\/07\/IMG_9363.jpeg 1280w\" sizes=\"auto, (max-width: 1024px) 100vw, 1024px\" \/><\/figure>\n\n\n\n<p>\u201cGracias al trabajo coordinado y a la buena relaci\u00f3n institucional que hemos construido a lo largo de estos a\u00f1os, en los pr\u00f3ximos d\u00edas nuestros centros m\u00e9dicos contar\u00e1n con m\u00e1s personal de salud, incluyendo m\u00e9dicos especialistas en ginecolog\u00eda y pediatr\u00eda\u201d, se\u00f1al\u00f3 Hern\u00e1ndez \u00c1lvarez.<\/p>\n\n\n\n<p>Este reforzamiento de personal representa un paso importante hacia una atenci\u00f3n m\u00e1s humana, cercana y especializada para las mujeres, ni\u00f1as y ni\u00f1os del municipio.<\/p>\n\n\n\n<p>\u201cSeguimos trabajando con el coraz\u00f3n y dando resultados, porque nuestra gente merece servicios de salud dignos y de calidad\u201d, afirm\u00f3 el presidente municipal.<\/p>\n","protected":false},"excerpt":{"rendered":"<p>Las Margaritas, Chiapas; 29\/JULIO\/2025.&#8211; El presidente municipal Bladimir Hern\u00e1ndez \u00c1lvarez inform\u00f3 que contin\u00faan las gestiones para mejorar los servicios de salud en beneficio de todas y todos los margaritenses. En&hellip; <\/p>\n","protected":false},"author":2,"featured_media":8507,"comment_status":"closed","ping_status":"closed","sticky":false,"template":"","format":"standard","meta":{"footnotes":""},"categories":[17],"tags":[],"class_list":["post-8505","post","type-post","status-publish","format-standard","has-post-thumbnail","hentry","category-municipios"],"_links":{"self":[{"href":"https:\/\/dc.diariodecomitan.com.mx\/index.php?rest_route=\/wp\/v2\/posts\/8505","targetHints":{"allow":["GET"]}}],"collection":[{"href":"https:\/\/dc.diariodecomitan.com.mx\/index.php?rest_route=\/wp\/v2\/posts"}],"about":[{"href":"https:\/\/dc.diariodecomitan.com.mx\/index.php?rest_route=\/wp\/v2\/types\/post"}],"author":[{"embeddable":true,"href":"https:\/\/dc.diariodecomitan.com.mx\/index.php?rest_route=\/wp\/v2\/users\/2"}],"replies":[{"embeddable":true,"href":"https:\/\/dc.diariodecomitan.com.mx\/index.php?rest_route=%2Fwp%2Fv2%2Fcomments&post=8505"}],"version-history":[{"count":1,"href":"https:\/\/dc.diariodecomitan.com.mx\/index.php?rest_route=\/wp\/v2\/posts\/8505\/revisions"}],"predecessor-version":[{"id":8508,"href":"https:\/\/dc.diariodecomitan.com.mx\/index.php?rest_route=\/wp\/v2\/posts\/8505\/revisions\/8508"}],"wp:featuredmedia":[{"embeddable":true,"href":"https:\/\/dc.diariodecomitan.com.mx\/index.php?rest_route=\/wp\/v2\/media\/8507"}],"wp:attachment":[{"href":"https:\/\/dc.diariodecomitan.com.mx\/index.php?rest_route=%2Fwp%2Fv2%2Fmedia&parent=8505"}],"wp:term":[{"taxonomy":"category","embeddable":true,"href":"https:\/\/dc.diariodecomitan.com.mx\/index.php?rest_route=%2Fwp%2Fv2%2Fcategories&post=8505"},{"taxonomy":"post_tag","embeddable":true,"href":"https:\/\/dc.diariodecomitan.com.mx\/index.php?rest_route=%2Fwp%2Fv2%2Ftags&post=8505"}],"curies":[{"name":"wp","href":"https:\/\/api.w.org\/{rel}","templated":true}]}}