{"id":8509,"date":"2025-07-29T17:40:36","date_gmt":"2025-07-29T23:40:36","guid":{"rendered":"https:\/\/dc.diariodecomitan.com.mx\/?p=8509"},"modified":"2025-07-31T12:22:10","modified_gmt":"2025-07-31T18:22:10","slug":"denis-solis-alvarado-fortalece-dialogo-con-comunidades-en-lunes-de-audiencias","status":"publish","type":"post","link":"https:\/\/dc.diariodecomitan.com.mx\/?p=8509","title":{"rendered":"Denis Sol\u00eds Alvarado fortalece di\u00e1logo con comunidades en lunes de audiencias"},"content":{"rendered":"\n<p><strong>La Trinitaria, Chiapas; 29\/JULIO\/2025.<\/strong>&#8211; En el marco del lunes de audiencias, el presidente municipal Denis Gabriel Sol\u00eds Alvarado sostuvo un encuentro con autoridades ejidales de diversas localidades del municipio, reafirmando su compromiso de trabajar de manera cercana con la ciudadan\u00eda.<\/p>\n\n\n<div class=\"wp-block-image\">\n<figure class=\"aligncenter size-large is-resized\"><img loading=\"lazy\" decoding=\"async\" width=\"683\" height=\"1024\" src=\"https:\/\/dc.diariodecomitan.com.mx\/wp-content\/uploads\/2025\/07\/IMG_9365-683x1024.jpeg\" alt=\"\" class=\"wp-image-8510\" style=\"width:411px;height:auto\" srcset=\"https:\/\/dc.diariodecomitan.com.mx\/wp-content\/uploads\/2025\/07\/IMG_9365-683x1024.jpeg 683w, https:\/\/dc.diariodecomitan.com.mx\/wp-content\/uploads\/2025\/07\/IMG_9365-200x300.jpeg 200w, https:\/\/dc.diariodecomitan.com.mx\/wp-content\/uploads\/2025\/07\/IMG_9365-768x1152.jpeg 768w, https:\/\/dc.diariodecomitan.com.mx\/wp-content\/uploads\/2025\/07\/IMG_9365-1024x1536.jpeg 1024w, https:\/\/dc.diariodecomitan.com.mx\/wp-content\/uploads\/2025\/07\/IMG_9365.jpeg 1365w\" sizes=\"auto, (max-width: 683px) 100vw, 683px\" \/><\/figure>\n<\/div>\n\n\n<p>Entre los asistentes estuvieron representantes del consejo de vigilancia de la localidad Cuauht\u00e9moc, as\u00ed como autoridades de San Marcos y Castillo Tielemans, con quienes el alcalde acord\u00f3 la gesti\u00f3n de proyectos de infraestructura y otras acciones prioritarias para atender las necesidades de sus habitantes.<\/p>\n\n\n<div class=\"wp-block-image\">\n<figure class=\"alignleft size-large is-resized\"><img loading=\"lazy\" decoding=\"async\" width=\"1024\" height=\"683\" src=\"https:\/\/dc.diariodecomitan.com.mx\/wp-content\/uploads\/2025\/07\/IMG_9366-1024x683.jpeg\" alt=\"\" class=\"wp-image-8511\" style=\"width:457px;height:auto\" srcset=\"https:\/\/dc.diariodecomitan.com.mx\/wp-content\/uploads\/2025\/07\/IMG_9366-1024x683.jpeg 1024w, https:\/\/dc.diariodecomitan.com.mx\/wp-content\/uploads\/2025\/07\/IMG_9366-300x200.jpeg 300w, https:\/\/dc.diariodecomitan.com.mx\/wp-content\/uploads\/2025\/07\/IMG_9366-768x512.jpeg 768w, https:\/\/dc.diariodecomitan.com.mx\/wp-content\/uploads\/2025\/07\/IMG_9366-1536x1024.jpeg 1536w, https:\/\/dc.diariodecomitan.com.mx\/wp-content\/uploads\/2025\/07\/IMG_9366.jpeg 2048w\" sizes=\"auto, (max-width: 1024px) 100vw, 1024px\" \/><\/figure>\n<\/div>\n\n\n<p>Durante la reuni\u00f3n, Sol\u00eds Alvarado destac\u00f3 la importancia de mantener un trabajo coordinado entre gobierno y comunidades para obtener mejores resultados.<\/p>\n\n\n\n<p>\u201cReitero mi compromiso de trabajar por cada comunidad y les pido que caminemos juntos, de la mano, para lograr m\u00e1s y mejores beneficios a favor de nuestra gente y de todo el municipio\u201d, expres\u00f3 el edil.<\/p>\n\n\n<div class=\"wp-block-image\">\n<figure class=\"aligncenter size-large is-resized\"><img loading=\"lazy\" decoding=\"async\" width=\"1024\" height=\"683\" src=\"https:\/\/dc.diariodecomitan.com.mx\/wp-content\/uploads\/2025\/07\/IMG_9367-1024x683.jpeg\" alt=\"\" class=\"wp-image-8512\" style=\"width:649px;height:auto\" srcset=\"https:\/\/dc.diariodecomitan.com.mx\/wp-content\/uploads\/2025\/07\/IMG_9367-1024x683.jpeg 1024w, https:\/\/dc.diariodecomitan.com.mx\/wp-content\/uploads\/2025\/07\/IMG_9367-300x200.jpeg 300w, https:\/\/dc.diariodecomitan.com.mx\/wp-content\/uploads\/2025\/07\/IMG_9367-768x512.jpeg 768w, https:\/\/dc.diariodecomitan.com.mx\/wp-content\/uploads\/2025\/07\/IMG_9367-1536x1024.jpeg 1536w, https:\/\/dc.diariodecomitan.com.mx\/wp-content\/uploads\/2025\/07\/IMG_9367.jpeg 2048w\" sizes=\"auto, (max-width: 1024px) 100vw, 1024px\" \/><\/figure>\n<\/div>","protected":false},"excerpt":{"rendered":"<p>La Trinitaria, Chiapas; 29\/JULIO\/2025.&#8211; En el marco del lunes de audiencias, el presidente municipal Denis Gabriel Sol\u00eds Alvarado sostuvo un encuentro con autoridades ejidales de diversas localidades del municipio, reafirmando&hellip; <\/p>\n","protected":false},"author":2,"featured_media":8513,"comment_status":"closed","ping_status":"closed","sticky":false,"template":"","format":"standard","meta":{"footnotes":""},"categories":[17],"tags":[],"class_list":["post-8509","post","type-post","status-publish","format-standard","has-post-thumbnail","hentry","category-municipios"],"_links":{"self":[{"href":"https:\/\/dc.diariodecomitan.com.mx\/index.php?rest_route=\/wp\/v2\/posts\/8509","targetHints":{"allow":["GET"]}}],"collection":[{"href":"https:\/\/dc.diariodecomitan.com.mx\/index.php?rest_route=\/wp\/v2\/posts"}],"about":[{"href":"https:\/\/dc.diariodecomitan.com.mx\/index.php?rest_route=\/wp\/v2\/types\/post"}],"author":[{"embeddable":true,"href":"https:\/\/dc.diariodecomitan.com.mx\/index.php?rest_route=\/wp\/v2\/users\/2"}],"replies":[{"embeddable":true,"href":"https:\/\/dc.diariodecomitan.com.mx\/index.php?rest_route=%2Fwp%2Fv2%2Fcomments&post=8509"}],"version-history":[{"count":2,"href":"https:\/\/dc.diariodecomitan.com.mx\/index.php?rest_route=\/wp\/v2\/posts\/8509\/revisions"}],"predecessor-version":[{"id":8648,"href":"https:\/\/dc.diariodecomitan.com.mx\/index.php?rest_route=\/wp\/v2\/posts\/8509\/revisions\/8648"}],"wp:featuredmedia":[{"embeddable":true,"href":"https:\/\/dc.diariodecomitan.com.mx\/index.php?rest_route=\/wp\/v2\/media\/8513"}],"wp:attachment":[{"href":"https:\/\/dc.diariodecomitan.com.mx\/index.php?rest_route=%2Fwp%2Fv2%2Fmedia&parent=8509"}],"wp:term":[{"taxonomy":"category","embeddable":true,"href":"https:\/\/dc.diariodecomitan.com.mx\/index.php?rest_route=%2Fwp%2Fv2%2Fcategories&post=8509"},{"taxonomy":"post_tag","embeddable":true,"href":"https:\/\/dc.diariodecomitan.com.mx\/index.php?rest_route=%2Fwp%2Fv2%2Ftags&post=8509"}],"curies":[{"name":"wp","href":"https:\/\/api.w.org\/{rel}","templated":true}]}}