{"id":8516,"date":"2025-07-29T17:47:08","date_gmt":"2025-07-29T23:47:08","guid":{"rendered":"https:\/\/dc.diariodecomitan.com.mx\/?p=8516"},"modified":"2025-07-29T17:47:11","modified_gmt":"2025-07-29T23:47:11","slug":"respalda-avendano-modelo-de-promocion-de-la-salud-en-chiapas-con-unidades-medicas-moviles","status":"publish","type":"post","link":"https:\/\/dc.diariodecomitan.com.mx\/?p=8516","title":{"rendered":"Respalda Avenda\u00f1o modelo de promoci\u00f3n de la salud en Chiapas, con Unidades M\u00e9dicas M\u00f3viles"},"content":{"rendered":"\n<p><strong>Tuxtla Guti\u00e9rrez, Chiapas; 29\/JULIO\/2025<\/strong>.- El presidente de la Mesa Directiva del Congreso del Estado, Luis Ignacio Avenda\u00f1o Berm\u00fadez, salud\u00f3 la puesta en marcha del Plan Integral de Prevenci\u00f3n y Promoci\u00f3n de la Salud que encabez\u00f3 el gobernador del estado, Eduardo Ram\u00edrez Aguilar.<\/p>\n\n\n\n<figure class=\"wp-block-image size-large\"><img loading=\"lazy\" decoding=\"async\" width=\"1024\" height=\"683\" src=\"https:\/\/dc.diariodecomitan.com.mx\/wp-content\/uploads\/2025\/07\/399db020-b4a6-4a67-8118-8256793ece5c-1024x683.jpeg\" alt=\"\" class=\"wp-image-8517\" srcset=\"https:\/\/dc.diariodecomitan.com.mx\/wp-content\/uploads\/2025\/07\/399db020-b4a6-4a67-8118-8256793ece5c-1024x683.jpeg 1024w, https:\/\/dc.diariodecomitan.com.mx\/wp-content\/uploads\/2025\/07\/399db020-b4a6-4a67-8118-8256793ece5c-300x200.jpeg 300w, https:\/\/dc.diariodecomitan.com.mx\/wp-content\/uploads\/2025\/07\/399db020-b4a6-4a67-8118-8256793ece5c-768x512.jpeg 768w, https:\/\/dc.diariodecomitan.com.mx\/wp-content\/uploads\/2025\/07\/399db020-b4a6-4a67-8118-8256793ece5c.jpeg 1200w\" sizes=\"auto, (max-width: 1024px) 100vw, 1024px\" \/><\/figure>\n\n\n\n<p>Al acompa\u00f1ar al primer mandatario en gira de trabajo, manifest\u00f3 la importancia de la atenci\u00f3n m\u00e9dica con este modelo que se realizar\u00e1 a trav\u00e9s de las Unidades M\u00e9dicas M\u00f3viles de Atenci\u00f3n Comunitaria (UMAC), que llevar\u00e1 los servicios de salud a todas las comunidades de Chiapas.<\/p>\n\n\n\n<p>\u201cEste modelo impulsado por nuestro gobernador Eduardo Ram\u00edrez, a trav\u00e9s de la Secretar\u00eda de Salud, busca garantizar atenci\u00f3n m\u00e9dica oportuna, de calidad y con visi\u00f3n integral, priorizando el bienestar de las y los chiapanecos\u201d, indic\u00f3.<\/p>\n\n\n\n<figure class=\"wp-block-image size-large\"><img loading=\"lazy\" decoding=\"async\" width=\"1024\" height=\"683\" src=\"https:\/\/dc.diariodecomitan.com.mx\/wp-content\/uploads\/2025\/07\/b41d73c2-e955-4630-a34e-680c75215306-1024x683.jpeg\" alt=\"\" class=\"wp-image-8518\" srcset=\"https:\/\/dc.diariodecomitan.com.mx\/wp-content\/uploads\/2025\/07\/b41d73c2-e955-4630-a34e-680c75215306-1024x683.jpeg 1024w, https:\/\/dc.diariodecomitan.com.mx\/wp-content\/uploads\/2025\/07\/b41d73c2-e955-4630-a34e-680c75215306-300x200.jpeg 300w, https:\/\/dc.diariodecomitan.com.mx\/wp-content\/uploads\/2025\/07\/b41d73c2-e955-4630-a34e-680c75215306-768x512.jpeg 768w, https:\/\/dc.diariodecomitan.com.mx\/wp-content\/uploads\/2025\/07\/b41d73c2-e955-4630-a34e-680c75215306.jpeg 1200w\" sizes=\"auto, (max-width: 1024px) 100vw, 1024px\" \/><\/figure>\n\n\n\n<p>Destac\u00f3 que en esta Nueva ERA, todos los esfuerzos est\u00e1n encaminados a prevenir enfermedades m\u00f3rbidas a trav\u00e9s del acceso de las y los chiapanecos a los servicios de salud.<\/p>\n\n\n\n<p>Avenda\u00f1o Berm\u00fadez abund\u00f3 que la Sexag\u00e9sima Novena Legislatura -desde el \u00e1mbito de sus facultades- coadyuva para tener un sistema de salud con una mejor atenci\u00f3n, infraestructura y que brinde servicios m\u00e9dicos de calidad, por medio de la atenci\u00f3n de un equipo interdisciplinario, a los sectores vulnerables.<\/p>\n\n\n\n<figure class=\"wp-block-image size-large\"><img loading=\"lazy\" decoding=\"async\" width=\"1024\" height=\"684\" src=\"https:\/\/dc.diariodecomitan.com.mx\/wp-content\/uploads\/2025\/07\/a1ec2f20-ef57-4422-af62-bb33af319b13-1024x684.jpeg\" alt=\"\" class=\"wp-image-8519\" srcset=\"https:\/\/dc.diariodecomitan.com.mx\/wp-content\/uploads\/2025\/07\/a1ec2f20-ef57-4422-af62-bb33af319b13-1024x684.jpeg 1024w, https:\/\/dc.diariodecomitan.com.mx\/wp-content\/uploads\/2025\/07\/a1ec2f20-ef57-4422-af62-bb33af319b13-300x200.jpeg 300w, https:\/\/dc.diariodecomitan.com.mx\/wp-content\/uploads\/2025\/07\/a1ec2f20-ef57-4422-af62-bb33af319b13-768x513.jpeg 768w, https:\/\/dc.diariodecomitan.com.mx\/wp-content\/uploads\/2025\/07\/a1ec2f20-ef57-4422-af62-bb33af319b13-1536x1025.jpeg 1536w, https:\/\/dc.diariodecomitan.com.mx\/wp-content\/uploads\/2025\/07\/a1ec2f20-ef57-4422-af62-bb33af319b13.jpeg 1600w\" sizes=\"auto, (max-width: 1024px) 100vw, 1024px\" \/><\/figure>\n\n\n\n<p>El l\u00edder del parlamento en Chiapas manifest\u00f3 su total apoyo a la promoci\u00f3n de la salud, la prevenci\u00f3n de enfermedades y la vacunaci\u00f3n.<\/p>\n\n\n\n<p>Puntualiz\u00f3 que el acceso a la salud es un derecho, y con acciones como esta avanzamos hacia un Chiapas m\u00e1s justo y con mayor equidad.<\/p>\n","protected":false},"excerpt":{"rendered":"<p>Tuxtla Guti\u00e9rrez, Chiapas; 29\/JULIO\/2025.- El presidente de la Mesa Directiva del Congreso del Estado, Luis Ignacio Avenda\u00f1o Berm\u00fadez, salud\u00f3 la puesta en marcha del Plan Integral de Prevenci\u00f3n y Promoci\u00f3n&hellip; <\/p>\n","protected":false},"author":2,"featured_media":8520,"comment_status":"closed","ping_status":"closed","sticky":false,"template":"","format":"standard","meta":{"footnotes":""},"categories":[8,15],"tags":[],"class_list":["post-8516","post","type-post","status-publish","format-standard","has-post-thumbnail","hentry","category-estatal","category-politica"],"_links":{"self":[{"href":"https:\/\/dc.diariodecomitan.com.mx\/index.php?rest_route=\/wp\/v2\/posts\/8516","targetHints":{"allow":["GET"]}}],"collection":[{"href":"https:\/\/dc.diariodecomitan.com.mx\/index.php?rest_route=\/wp\/v2\/posts"}],"about":[{"href":"https:\/\/dc.diariodecomitan.com.mx\/index.php?rest_route=\/wp\/v2\/types\/post"}],"author":[{"embeddable":true,"href":"https:\/\/dc.diariodecomitan.com.mx\/index.php?rest_route=\/wp\/v2\/users\/2"}],"replies":[{"embeddable":true,"href":"https:\/\/dc.diariodecomitan.com.mx\/index.php?rest_route=%2Fwp%2Fv2%2Fcomments&post=8516"}],"version-history":[{"count":1,"href":"https:\/\/dc.diariodecomitan.com.mx\/index.php?rest_route=\/wp\/v2\/posts\/8516\/revisions"}],"predecessor-version":[{"id":8521,"href":"https:\/\/dc.diariodecomitan.com.mx\/index.php?rest_route=\/wp\/v2\/posts\/8516\/revisions\/8521"}],"wp:featuredmedia":[{"embeddable":true,"href":"https:\/\/dc.diariodecomitan.com.mx\/index.php?rest_route=\/wp\/v2\/media\/8520"}],"wp:attachment":[{"href":"https:\/\/dc.diariodecomitan.com.mx\/index.php?rest_route=%2Fwp%2Fv2%2Fmedia&parent=8516"}],"wp:term":[{"taxonomy":"category","embeddable":true,"href":"https:\/\/dc.diariodecomitan.com.mx\/index.php?rest_route=%2Fwp%2Fv2%2Fcategories&post=8516"},{"taxonomy":"post_tag","embeddable":true,"href":"https:\/\/dc.diariodecomitan.com.mx\/index.php?rest_route=%2Fwp%2Fv2%2Ftags&post=8516"}],"curies":[{"name":"wp","href":"https:\/\/api.w.org\/{rel}","templated":true}]}}