{"id":8522,"date":"2025-07-29T21:32:11","date_gmt":"2025-07-30T03:32:11","guid":{"rendered":"https:\/\/dc.diariodecomitan.com.mx\/?p=8522"},"modified":"2025-07-29T21:32:14","modified_gmt":"2025-07-30T03:32:14","slug":"cae-cuarteto-policial-por-extorsion","status":"publish","type":"post","link":"https:\/\/dc.diariodecomitan.com.mx\/?p=8522","title":{"rendered":"CAE CUARTETO POLICIAL POR EXTORSI\u00d3N"},"content":{"rendered":"\n<blockquote class=\"wp-block-quote is-layout-flow wp-block-quote-is-layout-flow\">\n<p><strong><em>Informan Fiscal General y Secretario de Seguridad del Pueblo, la aprehensi\u00f3n de elementos de la SSP por presunta extorsi\u00f3n<\/em><\/strong><\/p>\n<\/blockquote>\n\n\n\n<iframe loading=\"lazy\" src=\"https:\/\/www.facebook.com\/plugins\/video.php?height=314&#038;href=https%3A%2F%2Fwww.facebook.com%2Fdiariodcomitan%2Fvideos%2F692108153849692%2F&#038;show_text=false&#038;width=560&#038;t=0\" width=\"560\" height=\"314\" style=\"border:none;overflow:hidden\" scrolling=\"no\" frameborder=\"0\" allowfullscreen=\"true\" allow=\"autoplay; clipboard-write; encrypted-media; picture-in-picture; web-share\" allowFullScreen=\"true\"><\/iframe>\n\n\n\n<p>En el municipio de Benem\u00e9rito de las Am\u00e9ricas, el Fiscal General del Estado, Jorge Luis Llaven Abarca, y el Secretario de Seguridad del Pueblo, \u00d3scar Alberto Aparicio Avenda\u00f1o, informaron que tras la denuncia de extorsi\u00f3n recibida en contra de servidores p\u00fablicos de la Secretar\u00eda de seguridad del Pueblo, los cuatro elementos fueron puestos a disposici\u00f3n del \u00f3rgano jurisdiccional y seguir\u00e1n las investigaciones para deslindar responsabilidades.<\/p>\n\n\n\n<p>Esta ma\u00f1ana, la FGE y la SSP cumplimentaron las \u00f3rdenes de aprehensi\u00f3n en contra de H\u00e9ctor \u201cN\u201d, Luis \u201cN\u201d, F\u00e1tima \u201cN\u201d y Miguel \u201cN\u201d, como presuntos responsables de los delitos de extorsi\u00f3n agravada y abuso de autoridad, cometido en da\u00f1o de una empresa productora de aceite de palma y de la sociedad, por hechos ocurridos en Benem\u00e9rito de Las Am\u00e9ricas.<\/p>\n\n\n\n<p>Al respecto, Jorge Llaven enfatiz\u00f3 que se garantizar\u00e1 la seguridad de la poblaci\u00f3n y por supuesto, dijo, del sector productivo, al tiempo de resaltar que tal como lo ha se\u00f1alado el gobernador Eduardo Ram\u00edrez, no se tolerar\u00e1 ning\u00fan acto de corrupci\u00f3n de ning\u00fan elemento.<\/p>\n\n\n\n<p>Por su parte el secretario de Seguridad, asegur\u00f3 que la instrucci\u00f3n del mandatario estatal, es Cero Corrupci\u00f3n y Cero Impunidad, por lo que estos elementos ahora est\u00e1n puestos a disposici\u00f3n para enfrentar su proceso legal, reafirmando as\u00ed su compromiso con la transparencia al servicio de la ciudadan\u00eda.<\/p>\n\n\n\n<p>La FGE y la SSP reafirman su compromiso con el combate a actos de corrupci\u00f3n con Cero Impunidad. Sin importar qui\u00e9n o qui\u00e9nes cometan los delitos, ser\u00e1n presentados ante&nbsp;la&nbsp;justicia.<\/p>\n","protected":false},"excerpt":{"rendered":"<p>Informan Fiscal General y Secretario de Seguridad del Pueblo, la aprehensi\u00f3n de elementos de la SSP por presunta extorsi\u00f3n En el municipio de Benem\u00e9rito de las Am\u00e9ricas, el Fiscal General&hellip; <\/p>\n","protected":false},"author":2,"featured_media":8523,"comment_status":"closed","ping_status":"closed","sticky":false,"template":"","format":"standard","meta":{"footnotes":""},"categories":[30],"tags":[],"class_list":["post-8522","post","type-post","status-publish","format-standard","has-post-thumbnail","hentry","category-video-reportajes"],"_links":{"self":[{"href":"https:\/\/dc.diariodecomitan.com.mx\/index.php?rest_route=\/wp\/v2\/posts\/8522","targetHints":{"allow":["GET"]}}],"collection":[{"href":"https:\/\/dc.diariodecomitan.com.mx\/index.php?rest_route=\/wp\/v2\/posts"}],"about":[{"href":"https:\/\/dc.diariodecomitan.com.mx\/index.php?rest_route=\/wp\/v2\/types\/post"}],"author":[{"embeddable":true,"href":"https:\/\/dc.diariodecomitan.com.mx\/index.php?rest_route=\/wp\/v2\/users\/2"}],"replies":[{"embeddable":true,"href":"https:\/\/dc.diariodecomitan.com.mx\/index.php?rest_route=%2Fwp%2Fv2%2Fcomments&post=8522"}],"version-history":[{"count":1,"href":"https:\/\/dc.diariodecomitan.com.mx\/index.php?rest_route=\/wp\/v2\/posts\/8522\/revisions"}],"predecessor-version":[{"id":8524,"href":"https:\/\/dc.diariodecomitan.com.mx\/index.php?rest_route=\/wp\/v2\/posts\/8522\/revisions\/8524"}],"wp:featuredmedia":[{"embeddable":true,"href":"https:\/\/dc.diariodecomitan.com.mx\/index.php?rest_route=\/wp\/v2\/media\/8523"}],"wp:attachment":[{"href":"https:\/\/dc.diariodecomitan.com.mx\/index.php?rest_route=%2Fwp%2Fv2%2Fmedia&parent=8522"}],"wp:term":[{"taxonomy":"category","embeddable":true,"href":"https:\/\/dc.diariodecomitan.com.mx\/index.php?rest_route=%2Fwp%2Fv2%2Fcategories&post=8522"},{"taxonomy":"post_tag","embeddable":true,"href":"https:\/\/dc.diariodecomitan.com.mx\/index.php?rest_route=%2Fwp%2Fv2%2Ftags&post=8522"}],"curies":[{"name":"wp","href":"https:\/\/api.w.org\/{rel}","templated":true}]}}