{"id":8740,"date":"2025-08-01T18:00:49","date_gmt":"2025-08-02T00:00:49","guid":{"rendered":"https:\/\/dc.diariodecomitan.com.mx\/?p=8740"},"modified":"2025-08-01T18:00:51","modified_gmt":"2025-08-02T00:00:51","slug":"aparatosa-volcadura-en-la-carretera-trinitaria-chamic-deja-cuantiosos-danos-y-un-lesionado","status":"publish","type":"post","link":"https:\/\/dc.diariodecomitan.com.mx\/?p=8740","title":{"rendered":"APARATOSA VOLCADURA EN LA CARRETERA TRINITARIA\u2013CHAMIC DEJA CUANTIOSOS DA\u00d1OS Y UN LESIONADO"},"content":{"rendered":"\n<p><strong>No\u00e9 Pinto<\/strong><\/p>\n\n\n\n<p><strong>La Trinitaria, Chiapas; 01\/AGOSTO\/2025.<\/strong>&#8211; Hace unos minutos se registr\u00f3 una aparatosa volcadura sobre el tramo carretero Trinitaria\u2013Chamic, a la altura del kil\u00f3metro 198, donde un veh\u00edculo de carga tipo rab\u00f3n, color rojo, que transportaba cemento, termin\u00f3 completamente volcado.<\/p>\n\n\n\n<figure class=\"wp-block-image size-large\"><img loading=\"lazy\" decoding=\"async\" width=\"1024\" height=\"768\" src=\"https:\/\/dc.diariodecomitan.com.mx\/wp-content\/uploads\/2025\/08\/954aa97c-10f9-4661-994b-effe1575b55f-1024x768.jpeg\" alt=\"\" class=\"wp-image-8741\" srcset=\"https:\/\/dc.diariodecomitan.com.mx\/wp-content\/uploads\/2025\/08\/954aa97c-10f9-4661-994b-effe1575b55f-1024x768.jpeg 1024w, https:\/\/dc.diariodecomitan.com.mx\/wp-content\/uploads\/2025\/08\/954aa97c-10f9-4661-994b-effe1575b55f-300x225.jpeg 300w, https:\/\/dc.diariodecomitan.com.mx\/wp-content\/uploads\/2025\/08\/954aa97c-10f9-4661-994b-effe1575b55f-768x576.jpeg 768w, https:\/\/dc.diariodecomitan.com.mx\/wp-content\/uploads\/2025\/08\/954aa97c-10f9-4661-994b-effe1575b55f-1536x1152.jpeg 1536w, https:\/\/dc.diariodecomitan.com.mx\/wp-content\/uploads\/2025\/08\/954aa97c-10f9-4661-994b-effe1575b55f.jpeg 1600w\" sizes=\"auto, (max-width: 1024px) 100vw, 1024px\" \/><\/figure>\n\n\n\n<p>De acuerdo con los primeros reportes, el conductor del cami\u00f3n result\u00f3 lesionado luego de que la unidad presentara una falla mec\u00e1nica en el sistema de frenos al ingresar a una zona de curvas y descenso, lo que provoc\u00f3 que perdiera el control y volcara, quedando con las llantas hacia arriba.<\/p>\n\n\n\n<figure class=\"wp-block-image size-large\"><img loading=\"lazy\" decoding=\"async\" width=\"768\" height=\"1024\" src=\"https:\/\/dc.diariodecomitan.com.mx\/wp-content\/uploads\/2025\/08\/9a4481f7-947e-46d1-aed9-507f0621e90c-768x1024.jpeg\" alt=\"\" class=\"wp-image-8742\" srcset=\"https:\/\/dc.diariodecomitan.com.mx\/wp-content\/uploads\/2025\/08\/9a4481f7-947e-46d1-aed9-507f0621e90c-768x1024.jpeg 768w, https:\/\/dc.diariodecomitan.com.mx\/wp-content\/uploads\/2025\/08\/9a4481f7-947e-46d1-aed9-507f0621e90c-225x300.jpeg 225w, https:\/\/dc.diariodecomitan.com.mx\/wp-content\/uploads\/2025\/08\/9a4481f7-947e-46d1-aed9-507f0621e90c-1152x1536.jpeg 1152w, https:\/\/dc.diariodecomitan.com.mx\/wp-content\/uploads\/2025\/08\/9a4481f7-947e-46d1-aed9-507f0621e90c.jpeg 1200w\" sizes=\"auto, (max-width: 768px) 100vw, 768px\" \/><\/figure>\n\n\n\n<p>Param\u00e9dicos del municipio de La Trinitaria acudieron al lugar para brindarle los primeros auxilios al chofer. En tanto, elementos de la Guardia Nacional tomaron conocimiento del incidente y abanderaron la zona.<\/p>\n\n\n\n<figure class=\"wp-block-image size-large\"><img loading=\"lazy\" decoding=\"async\" width=\"1024\" height=\"576\" src=\"https:\/\/dc.diariodecomitan.com.mx\/wp-content\/uploads\/2025\/08\/45fd1b8b-76de-445e-b51f-80d2b311e4f9-1024x576.jpeg\" alt=\"\" class=\"wp-image-8743\" srcset=\"https:\/\/dc.diariodecomitan.com.mx\/wp-content\/uploads\/2025\/08\/45fd1b8b-76de-445e-b51f-80d2b311e4f9-1024x576.jpeg 1024w, https:\/\/dc.diariodecomitan.com.mx\/wp-content\/uploads\/2025\/08\/45fd1b8b-76de-445e-b51f-80d2b311e4f9-300x169.jpeg 300w, https:\/\/dc.diariodecomitan.com.mx\/wp-content\/uploads\/2025\/08\/45fd1b8b-76de-445e-b51f-80d2b311e4f9-768x432.jpeg 768w, https:\/\/dc.diariodecomitan.com.mx\/wp-content\/uploads\/2025\/08\/45fd1b8b-76de-445e-b51f-80d2b311e4f9-1536x864.jpeg 1536w, https:\/\/dc.diariodecomitan.com.mx\/wp-content\/uploads\/2025\/08\/45fd1b8b-76de-445e-b51f-80d2b311e4f9.jpeg 1600w\" sizes=\"auto, (max-width: 1024px) 100vw, 1024px\" \/><\/figure>\n\n\n\n<p>Se recomienda a los automovilistas extremar precauciones al circular por este tramo, ya que las labores de atenci\u00f3n y retiro de la unidad contin\u00faan.<\/p>\n","protected":false},"excerpt":{"rendered":"<p>No\u00e9 Pinto La Trinitaria, Chiapas; 01\/AGOSTO\/2025.&#8211; Hace unos minutos se registr\u00f3 una aparatosa volcadura sobre el tramo carretero Trinitaria\u2013Chamic, a la altura del kil\u00f3metro 198, donde un veh\u00edculo de carga&hellip; <\/p>\n","protected":false},"author":2,"featured_media":8744,"comment_status":"closed","ping_status":"closed","sticky":false,"template":"","format":"standard","meta":{"footnotes":""},"categories":[3,8,16],"tags":[],"class_list":["post-8740","post","type-post","status-publish","format-standard","has-post-thumbnail","hentry","category-comitan","category-estatal","category-portada"],"_links":{"self":[{"href":"https:\/\/dc.diariodecomitan.com.mx\/index.php?rest_route=\/wp\/v2\/posts\/8740","targetHints":{"allow":["GET"]}}],"collection":[{"href":"https:\/\/dc.diariodecomitan.com.mx\/index.php?rest_route=\/wp\/v2\/posts"}],"about":[{"href":"https:\/\/dc.diariodecomitan.com.mx\/index.php?rest_route=\/wp\/v2\/types\/post"}],"author":[{"embeddable":true,"href":"https:\/\/dc.diariodecomitan.com.mx\/index.php?rest_route=\/wp\/v2\/users\/2"}],"replies":[{"embeddable":true,"href":"https:\/\/dc.diariodecomitan.com.mx\/index.php?rest_route=%2Fwp%2Fv2%2Fcomments&post=8740"}],"version-history":[{"count":1,"href":"https:\/\/dc.diariodecomitan.com.mx\/index.php?rest_route=\/wp\/v2\/posts\/8740\/revisions"}],"predecessor-version":[{"id":8745,"href":"https:\/\/dc.diariodecomitan.com.mx\/index.php?rest_route=\/wp\/v2\/posts\/8740\/revisions\/8745"}],"wp:featuredmedia":[{"embeddable":true,"href":"https:\/\/dc.diariodecomitan.com.mx\/index.php?rest_route=\/wp\/v2\/media\/8744"}],"wp:attachment":[{"href":"https:\/\/dc.diariodecomitan.com.mx\/index.php?rest_route=%2Fwp%2Fv2%2Fmedia&parent=8740"}],"wp:term":[{"taxonomy":"category","embeddable":true,"href":"https:\/\/dc.diariodecomitan.com.mx\/index.php?rest_route=%2Fwp%2Fv2%2Fcategories&post=8740"},{"taxonomy":"post_tag","embeddable":true,"href":"https:\/\/dc.diariodecomitan.com.mx\/index.php?rest_route=%2Fwp%2Fv2%2Ftags&post=8740"}],"curies":[{"name":"wp","href":"https:\/\/api.w.org\/{rel}","templated":true}]}}