{"id":8747,"date":"2025-08-01T19:49:33","date_gmt":"2025-08-02T01:49:33","guid":{"rendered":"https:\/\/dc.diariodecomitan.com.mx\/?p=8747"},"modified":"2025-08-02T00:52:26","modified_gmt":"2025-08-02T06:52:26","slug":"nace-un-refugio-de-paz-para-las-mujeres-en-comalapa","status":"publish","type":"post","link":"https:\/\/dc.diariodecomitan.com.mx\/?p=8747","title":{"rendered":"NACE un REFUGIO de PAZ para las MUJERES en COMALAPA"},"content":{"rendered":"\n<ul class=\"wp-block-list\">\n<li><strong>Eduardo Ram\u00edrez Inaugura Espacio de Esperanza y Justicia en Comalapa<\/strong>.<\/li>\n\n\n\n<li><strong>Desde Frontera Comalapa, Eduardo Ram\u00edrez refrenda compromiso para erradicar la violencia contra las mujeres.<\/strong><\/li>\n\n\n\n<li><strong>Inaugur\u00f3 el Centro LIBRE del Programa de Atenci\u00f3n Integral para el Bienestar de las Mujeres.<\/strong><\/li>\n\n\n\n<li><strong>Visit\u00f3 el Centro Cultural Teatro del Pueblo Belisario Dom\u00ednguez, donde se present\u00f3 el proyecto para su rehabilitaci\u00f3n y equipamiento.<\/strong><\/li>\n\n\n\n<li><strong>Supervis\u00f3 las obras que se realizan en la Escuela Secundaria T\u00e9cnica n\u00famero 32.<\/strong><\/li>\n<\/ul>\n\n\n\n<p><strong>Frontera Comalapa; 01\/Agosto\/2025.- <\/strong>El gobernador Eduardo Ram\u00edrez Aguilar inaugur\u00f3 el Centro LIBRE del Programa de Atenci\u00f3n Integral para el Bienestar de las Mujeres (Paibim) en el municipio de Frontera Comalapa, donde subray\u00f3 que, con el respaldo del Gobierno Federal, en Chiapas se abrir\u00e1n 52 espacios como este en los municipios con mayor incidencia de delitos contra las mujeres, ni\u00f1as y adolescentes, con el objetivo de reducir la violencia de g\u00e9nero.<\/p>\n\n\n\n<p>Explic\u00f3 la importancia de atender las causas de ra\u00edz, al se\u00f1alar que en la entidad el 60 por ciento de las sentencias del Tribunal de Justicia son relacionadas con este tipo de delitos, como feminicidios y agresiones sexuales. Por ello destac\u00f3 la necesidad de generar un cambio en la conciencia, esfuerzo que se lleva a cabo con acciones como la distribuci\u00f3n de la Cartilla de Derechos de las Mujeres.<\/p>\n\n\n<div class=\"wp-block-image\">\n<figure class=\"aligncenter size-large is-resized\"><img loading=\"lazy\" decoding=\"async\" width=\"1024\" height=\"619\" src=\"https:\/\/dc.diariodecomitan.com.mx\/wp-content\/uploads\/2025\/08\/FOTO-PRINCIPAL-001-1024x619.jpg\" alt=\"\" class=\"wp-image-8748\" style=\"width:726px;height:auto\" srcset=\"https:\/\/dc.diariodecomitan.com.mx\/wp-content\/uploads\/2025\/08\/FOTO-PRINCIPAL-001-1024x619.jpg 1024w, https:\/\/dc.diariodecomitan.com.mx\/wp-content\/uploads\/2025\/08\/FOTO-PRINCIPAL-001-300x181.jpg 300w, https:\/\/dc.diariodecomitan.com.mx\/wp-content\/uploads\/2025\/08\/FOTO-PRINCIPAL-001-768x464.jpg 768w, https:\/\/dc.diariodecomitan.com.mx\/wp-content\/uploads\/2025\/08\/FOTO-PRINCIPAL-001.jpg 1530w\" sizes=\"auto, (max-width: 1024px) 100vw, 1024px\" \/><\/figure>\n<\/div>\n\n\n<p>\u201cNo solamente queremos reducir el delito, queremos que la gente tome conciencia, que los hombres asumamos que no estamos para cuidar a las mujeres, sino para respetarlas. Y en eso estamos basando estos Centros LIBRE; le agradecemos profundamente a la presidenta Claudia Sheinbaum, porque sin su apoyo no hubi\u00e9ramos podido consolidarlos\u201d, expres\u00f3 el mandatario al tiempo que llam\u00f3 a fomentar valores desde la ni\u00f1ez y mantener la unidad como sociedad.<\/p>\n\n\n\n<p>Ram\u00edrez Aguilar enfatiz\u00f3 que, gracias a la estrategia de seguridad implementada al inicio de su gobierno, se ha logrado devolver la paz tanto al estado como a este municipio. A\u00f1adi\u00f3 que ahora se dar\u00e1 prioridad a la agenda de las mujeres y se impulsar\u00e1n acciones para el desarrollo, con el fin de evitar que Chiapas y Frontera Comalapa vuelvan a vivir cap\u00edtulos de violencia.<\/p>\n\n\n\n<p>Por su parte, la secretaria de la Mujer e Igualdad de G\u00e9nero, Dulce Mar\u00eda Rodr\u00edguez Ovando, explic\u00f3 que este centro brindar\u00e1 atenci\u00f3n emocional, psicol\u00f3gica y jur\u00eddica, adem\u00e1s de capacitaciones y espacios de formaci\u00f3n integral para las mujeres. Se\u00f1al\u00f3 que tambi\u00e9n se promover\u00e1 la Cartilla de los Derechos de las Mujeres, la cual contiene las garant\u00edas fundamentales orientadas a una vida libre de violencia. Invit\u00f3 a las mujeres a acercarse y difundir los servicios disponibles.<\/p>\n\n\n\n<p>El Fiscal General del Estado, Jorge Luis Llaven Abarca, resalt\u00f3 que, con la estrategia de pacificaci\u00f3n, la historia de Frontera Comalapa ha cambiado. Subray\u00f3 que los Centros LIBRE permiten construir una nueva cultura de respeto e igualdad, en la que ninguna mujer, ni\u00f1a o adolescente sea v\u00edctima de violencia, ni en su propia casa. Advirti\u00f3 que quien atente contra la vida de una mujer, enfrentar\u00e1 una pena de hasta 100 a\u00f1os de prisi\u00f3n.<\/p>\n\n\n\n<p>La presidenta concejal de Frontera Comalapa, Marli Trejo Posada, agradeci\u00f3 a los gobiernos federal y estatal por impulsar pol\u00edticas p\u00fablicas con justicia social, como este Centro LIBRE, el cual, dijo, es un espacio para que las mujeres que han sufrido violencia puedan renacer, emprender y construir nuevas historias. \u201cCuando una mujer encuentra apoyo, se empodera, y sin duda su pueblo entero avanza\u201d, afirm\u00f3.<\/p>\n\n\n\n<p>A su vez, In\u00e9s Gonz\u00e1lez V\u00e1zquez, tejedora de la Patria, Voz y Fuerza de las Mujeres de Frontera Comalapa, reconoci\u00f3 el compromiso del gobernador por acercarse a las comunidades y dignificar la vida de mujeres y ni\u00f1as. \u201cEn cada rinc\u00f3n de la Sierra, tejemos patria, pero tambi\u00e9n construimos paz, con dignidad, humanismo y amor a nuestras ra\u00edces\u201d, manifest\u00f3.<\/p>\n\n\n\n<p>En otro momento, el gobernador visit\u00f3 el Centro Cultural Teatro del Pueblo Belisario Dom\u00ednguez, donde se present\u00f3 el proyecto para su rehabilitaci\u00f3n y equipamiento, con el objetivo de acercar la cultura a la poblaci\u00f3n y ofrecer espacios dignos para la recreaci\u00f3n familiar. En ese marco, exhort\u00f3 a fortalecer la convivencia comunitaria para construir entornos seguros y pac\u00edficos.<\/p>\n\n\n\n<p>La presidenta concejal explic\u00f3 que este centro cultural llevaba 12 a\u00f1os en el abandono, por lo que celebr\u00f3 su remodelaci\u00f3n como un paso importante para reactivar la vida cultural, art\u00edstica y de sano esparcimiento de la ni\u00f1ez y juventudes de Frontera Comalapa.<\/p>\n\n\n\n<p>Posteriormente, supervis\u00f3 las obras que se realizan en la Escuela Secundaria T\u00e9cnica n\u00famero 32, donde se comprometi\u00f3 a apoyar a las y los estudiantes para que tengan mayores oportunidades de alcanzar sus metas.<\/p>\n\n\n\n<p>El director general del Instituto de la Infraestructura F\u00edsica Educativa de Chiapas (Inifech), Carlos Ildelfonso Jim\u00e9nez Trujillo, inform\u00f3 que la obra registra un avance f\u00edsico del 39.98 por ciento e incluye la construcci\u00f3n de cuatro aulas did\u00e1cticas equipadas y obra exterior, con una inversi\u00f3n de 3 millones 984 mil 108 pesos. Asimismo, dio a conocer que se realizan trabajos de rehabilitaci\u00f3n y construcci\u00f3n de aulas en el Jard\u00edn de Ni\u00f1os \u201cOctavio Paz\u201d y en la Secundaria T\u00e9cnica 101 de la localidad Rodulfo Figueroa.<\/p>\n\n\n\n<p>Acompa\u00f1aron al gobernador, el presidente de la Mesa Directiva del Congreso del Estado, Luis Ignacio Avenda\u00f1o Berm\u00fadez; los secretarios de Seguridad del Pueblo, \u00d3scar Alberto Aparicio Avenda\u00f1o; y de Salud, Omar G\u00f3mez Cruz; el coordinador general ejecutivo de la Secretar\u00eda de Turismo, Segundo Guill\u00e9n Gordillo; el subsecretario de Agricultura, Luis Darinel Alvarado Villatoro; la presidenta de la Comisi\u00f3n de Igualdad de G\u00e9nero del Congreso del Estado, Rosa Linda L\u00f3pez S\u00e1nchez; y el dirigente de Redes Sociales Progresistas en Chiapas, Ricardo\u202fAguilar\u202fGordillo.<\/p>\n","protected":false},"excerpt":{"rendered":"<p>Frontera Comalapa; 01\/Agosto\/2025.- El gobernador Eduardo Ram\u00edrez Aguilar inaugur\u00f3 el Centro LIBRE del Programa de Atenci\u00f3n Integral para el Bienestar de las Mujeres (Paibim) en el municipio de Frontera Comalapa,&hellip; <\/p>\n","protected":false},"author":2,"featured_media":8748,"comment_status":"closed","ping_status":"closed","sticky":false,"template":"","format":"standard","meta":{"footnotes":""},"categories":[15],"tags":[],"class_list":["post-8747","post","type-post","status-publish","format-standard","has-post-thumbnail","hentry","category-politica"],"_links":{"self":[{"href":"https:\/\/dc.diariodecomitan.com.mx\/index.php?rest_route=\/wp\/v2\/posts\/8747","targetHints":{"allow":["GET"]}}],"collection":[{"href":"https:\/\/dc.diariodecomitan.com.mx\/index.php?rest_route=\/wp\/v2\/posts"}],"about":[{"href":"https:\/\/dc.diariodecomitan.com.mx\/index.php?rest_route=\/wp\/v2\/types\/post"}],"author":[{"embeddable":true,"href":"https:\/\/dc.diariodecomitan.com.mx\/index.php?rest_route=\/wp\/v2\/users\/2"}],"replies":[{"embeddable":true,"href":"https:\/\/dc.diariodecomitan.com.mx\/index.php?rest_route=%2Fwp%2Fv2%2Fcomments&post=8747"}],"version-history":[{"count":1,"href":"https:\/\/dc.diariodecomitan.com.mx\/index.php?rest_route=\/wp\/v2\/posts\/8747\/revisions"}],"predecessor-version":[{"id":8749,"href":"https:\/\/dc.diariodecomitan.com.mx\/index.php?rest_route=\/wp\/v2\/posts\/8747\/revisions\/8749"}],"wp:featuredmedia":[{"embeddable":true,"href":"https:\/\/dc.diariodecomitan.com.mx\/index.php?rest_route=\/wp\/v2\/media\/8748"}],"wp:attachment":[{"href":"https:\/\/dc.diariodecomitan.com.mx\/index.php?rest_route=%2Fwp%2Fv2%2Fmedia&parent=8747"}],"wp:term":[{"taxonomy":"category","embeddable":true,"href":"https:\/\/dc.diariodecomitan.com.mx\/index.php?rest_route=%2Fwp%2Fv2%2Fcategories&post=8747"},{"taxonomy":"post_tag","embeddable":true,"href":"https:\/\/dc.diariodecomitan.com.mx\/index.php?rest_route=%2Fwp%2Fv2%2Ftags&post=8747"}],"curies":[{"name":"wp","href":"https:\/\/api.w.org\/{rel}","templated":true}]}}