{"id":8750,"date":"2025-08-01T20:07:42","date_gmt":"2025-08-02T02:07:42","guid":{"rendered":"https:\/\/dc.diariodecomitan.com.mx\/?p=8750"},"modified":"2025-08-01T20:07:44","modified_gmt":"2025-08-02T02:07:44","slug":"recuperan-la-sierra-con-seguridad-y-bienestar","status":"publish","type":"post","link":"https:\/\/dc.diariodecomitan.com.mx\/?p=8750","title":{"rendered":"RECUPERAN la SIERRA con SEGURIDAD y BIENESTAR"},"content":{"rendered":"\n<blockquote class=\"wp-block-quote is-layout-flow wp-block-quote-is-layout-flow\">\n<p><strong><em>En Mazapa de Madero, Eduardo Ram\u00edrez reafirma su compromiso con la salud y la seguridad.<\/em><\/strong><\/p>\n<\/blockquote>\n\n\n\n<p><strong>Mazapa de Madero; 01\/Agosto\/2025.- <\/strong>Durante una gira de trabajo por la regi\u00f3n Sierra Mariscal, el gobernador Eduardo Ram\u00edrez Aguilar llev\u00f3 las Unidades M\u00e9dicas M\u00f3viles de Atenci\u00f3n Comunitaria (UMAC) al municipio de Mazapa de Madero, reafirmando su compromiso de mantener un gobierno itinerante y de territorio, que garantice el derecho humano a la salud, especialmente para quienes habitan en las zonas m\u00e1s apartadas de Chiapas.<\/p>\n\n\n\n<p>\u201c<em>La salud no debe ser un privilegio de unos cuantos, sino un derecho gratuito, accesible para todas las personas. Invertimos y hacemos un gran esfuerzo en este rubro, as\u00ed que aprovechen todos los servicios que se ofrecen: laboratorio, mastograf\u00edas, Rayos X, salud bucal y atenci\u00f3n general y especializada. Nuestro prop\u00f3sito es cuidar la salud y brindar bienestar a las y los chiapanecos<\/em>\u201d, expres\u00f3.<\/p>\n\n\n\n<p>Tras participar en una activaci\u00f3n f\u00edsica como parte del programa Chiapas se Mueve, el mandatario reiter\u00f3 que el gobierno de la Nueva ERA est\u00e1 alineado con la pol\u00edtica nacional de salud impulsada por la presidenta Claudia Sheinbaum Pardo. Asegur\u00f3 que esta colaboraci\u00f3n se reflejar\u00e1 en la compra consolidada de medicamentos, el fortalecimiento de la infraestructura hospitalaria y una mayor cobertura de servicios m\u00e9dicos.<\/p>\n\n\n<div class=\"wp-block-image\">\n<figure class=\"aligncenter size-large is-resized\"><img loading=\"lazy\" decoding=\"async\" width=\"1024\" height=\"619\" src=\"https:\/\/dc.diariodecomitan.com.mx\/wp-content\/uploads\/2025\/08\/FOTO-PRINCIPAL-001-1-1024x619.jpg\" alt=\"\" class=\"wp-image-8751\" style=\"width:764px;height:auto\" srcset=\"https:\/\/dc.diariodecomitan.com.mx\/wp-content\/uploads\/2025\/08\/FOTO-PRINCIPAL-001-1-1024x619.jpg 1024w, https:\/\/dc.diariodecomitan.com.mx\/wp-content\/uploads\/2025\/08\/FOTO-PRINCIPAL-001-1-300x181.jpg 300w, https:\/\/dc.diariodecomitan.com.mx\/wp-content\/uploads\/2025\/08\/FOTO-PRINCIPAL-001-1-768x464.jpg 768w, https:\/\/dc.diariodecomitan.com.mx\/wp-content\/uploads\/2025\/08\/FOTO-PRINCIPAL-001-1.jpg 1530w\" sizes=\"auto, (max-width: 1024px) 100vw, 1024px\" \/><\/figure>\n<\/div>\n\n\n<p>Frente a habitantes y sectores productivos, Ram\u00edrez Aguilar subray\u00f3 que la Sierra ha recuperado la paz y la seguridad gracias a que no se ha bajado la guardia y se gobierna con la ley en la mano contra quienes cometen delitos. Destac\u00f3 que la eficacia operativa y de investigaci\u00f3n ha permitido que, desde el 8 de diciembre, en Chiapas no haya impunidad.<\/p>\n\n\n\n<p>\u201c<em>No vamos a permitir homicidios, asaltos en carreteras, extorsiones ni el uso de los pueblos como filtros. Eso ya termin\u00f3 y no volver\u00e1 a suceder en Chiapas. Tengan la certeza de que trabajaremos para que el pueblo est\u00e9 feliz y seguro<\/em>\u201d, enfatiz\u00f3 al expresar su amor y compromiso con el desarrollo de la regi\u00f3n.<\/p>\n\n\n\n<p>Por su parte, el secretario de Salud, Omar G\u00f3mez Cruz, destac\u00f3 que la recuperaci\u00f3n de la seguridad permiti\u00f3 reactivar el sistema de salud en esta zona, que durante a\u00f1os careci\u00f3 de presencia institucional debido a la violencia. Invit\u00f3 a la poblaci\u00f3n a aprovechar los servicios de las UMAC y las campa\u00f1as de vacunaci\u00f3n para prevenir enfermedades y proteger su salud.<\/p>\n\n\n\n<p>El secretario de Seguridad del Pueblo, \u00d3scar Alberto Aparicio Avenda\u00f1o, inform\u00f3 que a casi ocho meses del inicio de esta administraci\u00f3n, Chiapas ha logrado avances importantes en materia de seguridad, lo que ha fortalecido la confianza ciudadana. Resalt\u00f3 el equipamiento y personal especializado con que ahora cuenta el estado y llam\u00f3 a la ciudadan\u00eda a no dejarse enga\u00f1ar por los delincuentes y a denunciar cualquier hecho delictivo.<\/p>\n\n\n\n<p>Detall\u00f3 que actualmente se dispone de 10 mil 200 elementos de seguridad estatal, 710 de la Fuerza de Reacci\u00f3n Inmediata Pakal, m\u00e1s de 25 veh\u00edculos blindados, un helic\u00f3ptero Black Hawk, as\u00ed como aviones no tripulados y drones artillados.<\/p>\n\n\n\n<p>Durante su intervenci\u00f3n, el presidente municipal de Mazapa de Madero, Wilder Alberto Jacob Guzm\u00e1n, reconoci\u00f3 el liderazgo y humanismo del gobernador Eduardo Ram\u00edrez, quien ha contribuido a transformar Chiapas, devolverle la paz y fortalecer el sistema de salud con las Unidades M\u00e9dicas M\u00f3viles, que llevan atenci\u00f3n oportuna a las familias de la regi\u00f3n.<\/p>\n\n\n\n<p>En representaci\u00f3n de las personas beneficiadas, Jenny Georgina Morales Gonz\u00e1lez agradeci\u00f3 al gobierno de la Nueva ERA por transformar sus vidas. Afirm\u00f3 que, gracias a las estrategias de seguridad, en Mazapa de Madero se ha reactivado la actividad econ\u00f3mica, agr\u00edcola, social y de salud, mediante estas brigadas itinerantes que brindan atenci\u00f3n m\u00e9dica de calidad directamente en las comunidades.<\/p>\n\n\n\n<p>Estuvieron presentes en este evento el fiscal general del Estado, Jorge Luis Llaven Abarca; la secretaria de la Mujer e Igualdad de G\u00e9nero, Dulce Mar\u00eda Rodr\u00edguez Ovando; el titular del \u00d3rgano de Operaci\u00f3n Administrativa Desconcentrada del Instituto Mexicano del Seguro Social (IMSS) en Chiapas, Hermilo Dom\u00ednguez Z\u00e1rate; la coordinadora del Servicio Nacional de Salud P\u00fablica, Candelaria Guadalupe Avenda\u00f1o Ballinas; el diputado federal del Distrito 13, Jorge Luis Villatoro Osorio; el subsecretario de Agricultura, Luis Darinel Alvarado Villatoro; y el dirigente de Redes Sociales Progresistas en Chiapas, Ricardo\u202fAguilar\u202fGordillo.<\/p>\n","protected":false},"excerpt":{"rendered":"<p>En Mazapa de Madero, Eduardo Ram\u00edrez reafirma su compromiso con la salud y la seguridad. Mazapa de Madero; 01\/Agosto\/2025.- Durante una gira de trabajo por la regi\u00f3n Sierra Mariscal, el&hellip; <\/p>\n","protected":false},"author":2,"featured_media":8751,"comment_status":"closed","ping_status":"closed","sticky":false,"template":"","format":"standard","meta":{"footnotes":""},"categories":[15,16],"tags":[],"class_list":["post-8750","post","type-post","status-publish","format-standard","has-post-thumbnail","hentry","category-politica","category-portada"],"_links":{"self":[{"href":"https:\/\/dc.diariodecomitan.com.mx\/index.php?rest_route=\/wp\/v2\/posts\/8750","targetHints":{"allow":["GET"]}}],"collection":[{"href":"https:\/\/dc.diariodecomitan.com.mx\/index.php?rest_route=\/wp\/v2\/posts"}],"about":[{"href":"https:\/\/dc.diariodecomitan.com.mx\/index.php?rest_route=\/wp\/v2\/types\/post"}],"author":[{"embeddable":true,"href":"https:\/\/dc.diariodecomitan.com.mx\/index.php?rest_route=\/wp\/v2\/users\/2"}],"replies":[{"embeddable":true,"href":"https:\/\/dc.diariodecomitan.com.mx\/index.php?rest_route=%2Fwp%2Fv2%2Fcomments&post=8750"}],"version-history":[{"count":1,"href":"https:\/\/dc.diariodecomitan.com.mx\/index.php?rest_route=\/wp\/v2\/posts\/8750\/revisions"}],"predecessor-version":[{"id":8752,"href":"https:\/\/dc.diariodecomitan.com.mx\/index.php?rest_route=\/wp\/v2\/posts\/8750\/revisions\/8752"}],"wp:featuredmedia":[{"embeddable":true,"href":"https:\/\/dc.diariodecomitan.com.mx\/index.php?rest_route=\/wp\/v2\/media\/8751"}],"wp:attachment":[{"href":"https:\/\/dc.diariodecomitan.com.mx\/index.php?rest_route=%2Fwp%2Fv2%2Fmedia&parent=8750"}],"wp:term":[{"taxonomy":"category","embeddable":true,"href":"https:\/\/dc.diariodecomitan.com.mx\/index.php?rest_route=%2Fwp%2Fv2%2Fcategories&post=8750"},{"taxonomy":"post_tag","embeddable":true,"href":"https:\/\/dc.diariodecomitan.com.mx\/index.php?rest_route=%2Fwp%2Fv2%2Ftags&post=8750"}],"curies":[{"name":"wp","href":"https:\/\/api.w.org\/{rel}","templated":true}]}}