{"id":8846,"date":"2025-08-04T11:58:57","date_gmt":"2025-08-04T17:58:57","guid":{"rendered":"https:\/\/dc.diariodecomitan.com.mx\/?p=8846"},"modified":"2025-08-05T19:01:10","modified_gmt":"2025-08-06T01:01:10","slug":"intentan-asesinar-a-exalcalde-en-la-curva-del-diablo-muere-su-chofer-en-el-ataque","status":"publish","type":"post","link":"https:\/\/dc.diariodecomitan.com.mx\/?p=8846","title":{"rendered":"Intentan Asesinar a Exalcalde en la \u201cCurva del Diablo\u201d; Muere su Chofer en el Ataque"},"content":{"rendered":"\n<p><strong>Sabanilla, Chiapas; 04\/AGOSTO\/2025.\u2013<\/strong> Un ataque armado ocurrido la tarde de este lunes en la peligrosa zona conocida como la \u201cCurva del Diablo\u201d dej\u00f3 como saldo un muerto y una persona herida. El objetivo del atentado habr\u00eda sido el exalcalde de Huitiup\u00e1n, Hern\u00e1n Orantes, quien fue herido por impactos de bala.<\/p>\n\n\n\n<p>De acuerdo con los primeros reportes, sujetos fuertemente armados interceptaron el veh\u00edculo en el que viajaba el exfuncionario, abriendo fuego de forma directa. Hern\u00e1n Orantes recibi\u00f3 una herida en el brazo y fue trasladado de emergencia al centro de salud m\u00e1s cercano, donde se reporta fuera de peligro.<\/p>\n\n\n\n<p>Sin embargo, el ataque cobr\u00f3 la vida de su chofer, identificado como Jos\u00e9 Freddy \u201cN\u201d, de tan solo 25 a\u00f1os, quien muri\u00f3 en el lugar de los hechos.<\/p>\n\n\n\n<figure class=\"wp-block-image size-full\"><img loading=\"lazy\" decoding=\"async\" width=\"960\" height=\"702\" src=\"https:\/\/dc.diariodecomitan.com.mx\/wp-content\/uploads\/2025\/08\/527763482_1211559957684555_2096344354539957509_n.jpg\" alt=\"\" class=\"wp-image-8847\" srcset=\"https:\/\/dc.diariodecomitan.com.mx\/wp-content\/uploads\/2025\/08\/527763482_1211559957684555_2096344354539957509_n.jpg 960w, https:\/\/dc.diariodecomitan.com.mx\/wp-content\/uploads\/2025\/08\/527763482_1211559957684555_2096344354539957509_n-300x219.jpg 300w, https:\/\/dc.diariodecomitan.com.mx\/wp-content\/uploads\/2025\/08\/527763482_1211559957684555_2096344354539957509_n-768x562.jpg 768w\" sizes=\"auto, (max-width: 960px) 100vw, 960px\" \/><\/figure>\n\n\n\n<p>Autoridades estatales y municipales acudieron al sitio para iniciar las investigaciones correspondientes. Hasta el momento no se ha informado sobre personas detenidas.<\/p>\n\n\n\n<p>La zona donde ocurri\u00f3 el atentado es conocida por su peligrosidad y por ser escenario recurrente de hechos violentos. Habitantes del lugar exigen mayor presencia de seguridad y una pronta respuesta de las autoridades ante este nuevo episodio de violencia.<\/p>\n","protected":false},"excerpt":{"rendered":"<p>Sabanilla, Chiapas; 04\/AGOSTO\/2025.\u2013 Un ataque armado ocurrido la tarde de este lunes en la peligrosa zona conocida como la \u201cCurva del Diablo\u201d dej\u00f3 como saldo un muerto y una persona&hellip; <\/p>\n","protected":false},"author":2,"featured_media":8848,"comment_status":"closed","ping_status":"closed","sticky":false,"template":"","format":"standard","meta":{"footnotes":""},"categories":[8,10],"tags":[],"class_list":["post-8846","post","type-post","status-publish","format-standard","has-post-thumbnail","hentry","category-estatal","category-policiaca"],"_links":{"self":[{"href":"https:\/\/dc.diariodecomitan.com.mx\/index.php?rest_route=\/wp\/v2\/posts\/8846","targetHints":{"allow":["GET"]}}],"collection":[{"href":"https:\/\/dc.diariodecomitan.com.mx\/index.php?rest_route=\/wp\/v2\/posts"}],"about":[{"href":"https:\/\/dc.diariodecomitan.com.mx\/index.php?rest_route=\/wp\/v2\/types\/post"}],"author":[{"embeddable":true,"href":"https:\/\/dc.diariodecomitan.com.mx\/index.php?rest_route=\/wp\/v2\/users\/2"}],"replies":[{"embeddable":true,"href":"https:\/\/dc.diariodecomitan.com.mx\/index.php?rest_route=%2Fwp%2Fv2%2Fcomments&post=8846"}],"version-history":[{"count":1,"href":"https:\/\/dc.diariodecomitan.com.mx\/index.php?rest_route=\/wp\/v2\/posts\/8846\/revisions"}],"predecessor-version":[{"id":8849,"href":"https:\/\/dc.diariodecomitan.com.mx\/index.php?rest_route=\/wp\/v2\/posts\/8846\/revisions\/8849"}],"wp:featuredmedia":[{"embeddable":true,"href":"https:\/\/dc.diariodecomitan.com.mx\/index.php?rest_route=\/wp\/v2\/media\/8848"}],"wp:attachment":[{"href":"https:\/\/dc.diariodecomitan.com.mx\/index.php?rest_route=%2Fwp%2Fv2%2Fmedia&parent=8846"}],"wp:term":[{"taxonomy":"category","embeddable":true,"href":"https:\/\/dc.diariodecomitan.com.mx\/index.php?rest_route=%2Fwp%2Fv2%2Fcategories&post=8846"},{"taxonomy":"post_tag","embeddable":true,"href":"https:\/\/dc.diariodecomitan.com.mx\/index.php?rest_route=%2Fwp%2Fv2%2Ftags&post=8846"}],"curies":[{"name":"wp","href":"https:\/\/api.w.org\/{rel}","templated":true}]}}