{"id":9197,"date":"2025-08-09T01:37:26","date_gmt":"2025-08-09T07:37:26","guid":{"rendered":"https:\/\/dc.diariodecomitan.com.mx\/?p=9197"},"modified":"2025-08-13T12:52:16","modified_gmt":"2025-08-13T18:52:16","slug":"camioneta-se-estrella-contra-arbol-conductor-grave","status":"publish","type":"post","link":"https:\/\/dc.diariodecomitan.com.mx\/?p=9197","title":{"rendered":"CAMIONETA se ESTRELLA contra \u00c1RBOL; CONDUCTOR GRAVE"},"content":{"rendered":"\n<blockquote class=\"wp-block-quote is-layout-flow wp-block-quote-is-layout-flow\">\n<p><strong><em>Aparatoso accidente deja un lesionado grave y cuantiosos da\u00f1os materiales en desv\u00edo de Zapata.<\/em><\/strong><\/p>\n<\/blockquote>\n\n\n\n<p><strong>No\u00e9 Pinto.<\/strong><\/p>\n\n\n\n<p><strong>Comit\u00e1n de Dom\u00ednguez; 08\/Agosto\/2025.- <\/strong>La noche de este viernes, un fuerte accidente de tr\u00e1nsito dej\u00f3 como saldo varios miles de pesos en da\u00f1os materiales y una persona con lesiones de gravedad, en la calle que conduce al desv\u00edo de Zapata, contra esquina de la Quinta Avenida Poniente Sur.<\/p>\n\n\n<div class=\"wp-block-image\">\n<figure class=\"alignright size-large is-resized\"><img loading=\"lazy\" decoding=\"async\" width=\"576\" height=\"1024\" src=\"https:\/\/dc.diariodecomitan.com.mx\/wp-content\/uploads\/2025\/08\/4-1-576x1024.jpg\" alt=\"\" class=\"wp-image-9199\" style=\"width:361px;height:auto\" srcset=\"https:\/\/dc.diariodecomitan.com.mx\/wp-content\/uploads\/2025\/08\/4-1-576x1024.jpg 576w, https:\/\/dc.diariodecomitan.com.mx\/wp-content\/uploads\/2025\/08\/4-1-169x300.jpg 169w, https:\/\/dc.diariodecomitan.com.mx\/wp-content\/uploads\/2025\/08\/4-1.jpg 720w\" sizes=\"auto, (max-width: 576px) 100vw, 576px\" \/><\/figure>\n<\/div>\n\n\n<p>De acuerdo con los primeros reportes, una camioneta tipo Explorer, conducida presuntamente a exceso de velocidad por un hombre de entre 40 y 45 a\u00f1os, perdi\u00f3 el control y termin\u00f3 impact\u00e1ndose violentamente contra un \u00e1rbol.<\/p>\n\n\n\n<p>El conductor sufri\u00f3 m\u00faltiples heridas de consideraci\u00f3n en distintas partes del cuerpo, por lo que param\u00e9dicos de Protecci\u00f3n Civil acudieron de inmediato al lugar para brindarle atenci\u00f3n prehospitalaria y trasladarlo de urgencia al Hospital General de esta ciudad.<\/p>\n\n\n\n<p>Elementos de Vialidad Municipal arribaron al sitio para tomar conocimiento de los hechos y realizar las diligencias correspondientes. La unidad siniestrada qued\u00f3 completamente destrozada como consecuencia del fuerte impacto.<\/p>\n\n\n\n<p>Las autoridades exhortaron a los automovilistas a conducir con precauci\u00f3n y respetar los l\u00edmites de velocidad para prevenir accidentes.<\/p>\n\n\n<div class=\"wp-block-image\">\n<figure class=\"aligncenter size-large is-resized\"><img loading=\"lazy\" decoding=\"async\" width=\"1024\" height=\"619\" src=\"https:\/\/dc.diariodecomitan.com.mx\/wp-content\/uploads\/2025\/08\/2-001-2-1024x619.jpg\" alt=\"\" class=\"wp-image-9198\" style=\"width:794px;height:auto\" srcset=\"https:\/\/dc.diariodecomitan.com.mx\/wp-content\/uploads\/2025\/08\/2-001-2-1024x619.jpg 1024w, https:\/\/dc.diariodecomitan.com.mx\/wp-content\/uploads\/2025\/08\/2-001-2-300x181.jpg 300w, https:\/\/dc.diariodecomitan.com.mx\/wp-content\/uploads\/2025\/08\/2-001-2-768x464.jpg 768w, https:\/\/dc.diariodecomitan.com.mx\/wp-content\/uploads\/2025\/08\/2-001-2.jpg 1530w\" sizes=\"auto, (max-width: 1024px) 100vw, 1024px\" \/><\/figure>\n<\/div>","protected":false},"excerpt":{"rendered":"<p>Aparatoso accidente deja un lesionado grave y cuantiosos da\u00f1os materiales en desv\u00edo de Zapata. No\u00e9 Pinto. Comit\u00e1n de Dom\u00ednguez; 08\/Agosto\/2025.- La noche de este viernes, un fuerte accidente de tr\u00e1nsito&hellip; <\/p>\n","protected":false},"author":2,"featured_media":9198,"comment_status":"closed","ping_status":"closed","sticky":false,"template":"","format":"standard","meta":{"footnotes":""},"categories":[10],"tags":[],"class_list":["post-9197","post","type-post","status-publish","format-standard","has-post-thumbnail","hentry","category-policiaca"],"_links":{"self":[{"href":"https:\/\/dc.diariodecomitan.com.mx\/index.php?rest_route=\/wp\/v2\/posts\/9197","targetHints":{"allow":["GET"]}}],"collection":[{"href":"https:\/\/dc.diariodecomitan.com.mx\/index.php?rest_route=\/wp\/v2\/posts"}],"about":[{"href":"https:\/\/dc.diariodecomitan.com.mx\/index.php?rest_route=\/wp\/v2\/types\/post"}],"author":[{"embeddable":true,"href":"https:\/\/dc.diariodecomitan.com.mx\/index.php?rest_route=\/wp\/v2\/users\/2"}],"replies":[{"embeddable":true,"href":"https:\/\/dc.diariodecomitan.com.mx\/index.php?rest_route=%2Fwp%2Fv2%2Fcomments&post=9197"}],"version-history":[{"count":1,"href":"https:\/\/dc.diariodecomitan.com.mx\/index.php?rest_route=\/wp\/v2\/posts\/9197\/revisions"}],"predecessor-version":[{"id":9200,"href":"https:\/\/dc.diariodecomitan.com.mx\/index.php?rest_route=\/wp\/v2\/posts\/9197\/revisions\/9200"}],"wp:featuredmedia":[{"embeddable":true,"href":"https:\/\/dc.diariodecomitan.com.mx\/index.php?rest_route=\/wp\/v2\/media\/9198"}],"wp:attachment":[{"href":"https:\/\/dc.diariodecomitan.com.mx\/index.php?rest_route=%2Fwp%2Fv2%2Fmedia&parent=9197"}],"wp:term":[{"taxonomy":"category","embeddable":true,"href":"https:\/\/dc.diariodecomitan.com.mx\/index.php?rest_route=%2Fwp%2Fv2%2Fcategories&post=9197"},{"taxonomy":"post_tag","embeddable":true,"href":"https:\/\/dc.diariodecomitan.com.mx\/index.php?rest_route=%2Fwp%2Fv2%2Ftags&post=9197"}],"curies":[{"name":"wp","href":"https:\/\/api.w.org\/{rel}","templated":true}]}}