{"id":9201,"date":"2025-08-09T01:53:47","date_gmt":"2025-08-09T07:53:47","guid":{"rendered":"https:\/\/dc.diariodecomitan.com.mx\/?p=9201"},"modified":"2025-08-09T01:53:50","modified_gmt":"2025-08-09T07:53:50","slug":"carta-a-mariana-con-celebracion","status":"publish","type":"post","link":"https:\/\/dc.diariodecomitan.com.mx\/?p=9201","title":{"rendered":"CARTA A MARIANA, CON CELEBRACI\u00d3N"},"content":{"rendered":"\n<p class=\"has-text-align-right\"><strong>Arenilla por Alejandro Molinari<\/strong><\/p>\n\n\n\n<p><strong>Querida Mariana:<\/strong> pas\u00f3 la feria de agosto 2025. Ya te cont\u00e9 que en los a\u00f1os sesenta, la feria se desarrollaba en el atrio del templo y en el parque central. Ah, los chiquit\u00edos esperaban con ansia la fecha para trepar a la rueda de los caballitos (que se pon\u00eda frente al palacio municipal), para jugar chingolingo (aunque se supone que este juego era s\u00f3lo para adultos). Las \u201czacatecas\u201d se colocaban alrededor del parque y ah\u00ed compr\u00e1bamos los \u201ctrepatemicos\u201d y los dulces que preparaban los paisanos de mi pap\u00e1 (los coletos). Ah, era muy disfrutable. A veces llegaba un se\u00f1or que colgaba los \u201cView Master\u201d (tal vez fueron las primeras palabras que aprendimos del ingl\u00e9s), estos aparatos permit\u00edan ver im\u00e1genes fotogr\u00e1ficas. Hab\u00eda como veinte o treinta rueditas donde estaban las im\u00e1genes. El \u201cView Master\u201d hac\u00eda el prodigio de ampliar las im\u00e1genes para que quien pagaba los veinte centavos pudiera verlas. Hab\u00eda de todo, de paisajes de otros lados del mundo, caricaturas. El aparatito ten\u00eda una ranura superior donde se introduc\u00eda el disco y una palanquita que se bajaba para darle vuelta al disco y mirar la siguiente imagen. Ah, era un chunche maravilloso, que se colocaba frente a los ojos (digo que este chunche fue el abuelo de las gafas 3D, que ahora son tan famosas). La feria era un verdadero deleite. Los mayores recuerdan que las personas del pueblo estrenaban \u201cmudada\u201d (outfit) el mero d\u00eda de la feria.<\/p>\n\n\n\n<p>Un d\u00eda, el gobierno construy\u00f3 las instalaciones de la feria y el rebumbio del centro se olvid\u00f3, a tal grado que muchos j\u00f3venes ni siquiera se enteraron que la feria era en honor del Santo Patrono del pueblo: Santo Domingo de Guzm\u00e1n; digo esto porque antes todo mundo pasaba a echarse una persignada al templo que era adornado con esmero y cuya imagen de bulto era retirada de su nicho principal para que estuviera al paso de la gente, porque ya mir\u00e1s que es costumbre pararse frente a la imagen, santiguarse y algunas personas tocan el manto de Santo Domingo, incluso hay gente que toma el manto y lo lleva a sus labios para besarlo, todo en nombre de la fe, todo digno de respeto.<\/p>\n\n\n\n<p>A m\u00ed me encantaba sentarme en una banca que estaba en el puesto del se\u00f1or que, a\u00f1o con a\u00f1o, tra\u00eda revistas de monitos, las colgaba en lazos y mostraban sus portadas. Las revistas, como has de comprender, estaban todas ajadas, todas manoseadas (en ese tiempo no me pon\u00eda a pensar que estaban llenas de microbios). Mi mam\u00e1 me daba unas monedas para que disfrutara la feria. Yo gastaba toda mi paga en leer revistas de monitos (los actuales c\u00f3mics). Ah, era un verdadero gozo elegir la revista, pagar el costo de la renta, sentarme al lado de otros muchachitos (no recuerdo que hubiese alguna ni\u00f1a. \u00bfNo hab\u00eda mujeres lectoras? Hab\u00eda, sin duda, pero las ni\u00f1as bonitas no se sentaban al lado de muchachitos piojosos. En t\u00e9rmino estricto yo no ten\u00eda necesidad de eso, porque mi pap\u00e1 me compraba revistas cada semana, pero vos sab\u00e9s que los lectores no tenemos llenadera, siempre queremos m\u00e1s, como sucede con todas las personas que se excitan por algo. El otro d\u00eda vi en el Facebook que hay en el pa\u00eds un compa que tiene una enorme colecci\u00f3n de relojes bien caros. Sabemos que quiere m\u00e1s y m\u00e1s. Cada uno con sus pasiones. Los lectores son tan exagerados que compran libros de m\u00e1s, tienen en los libreros ejemplares que no han le\u00eddo todav\u00eda, pero ah\u00ed andan comprando m\u00e1s y m\u00e1s. No tenemos llenadera. Ah, es una pasi\u00f3n maravillosa. No s\u00e9 qui\u00e9n es el ser mortal que posee la biblioteca personal con m\u00e1s vol\u00famenes, pero el otro d\u00eda vi un video de la biblioteca de la residencia del gran escritor italiano Umberto Eco (s\u00ed, as\u00ed, sin hache el nombre de Umberto) y mir\u00e9 que ten\u00eda m\u00e1s de cincuenta mil libros. \u00a1Pucha! \u00c9l caminaba por varias salas en medio de laberintos acuerpados por torres de libros. Pienso que \u00e9l se sent\u00eda muy bien cuando caminaba en medio de ese enorme bosque. \u00a0Y si hablamos de libros habr\u00e1 que decir que en este 2025 apareci\u00f3 \u201cG\u00e9nesis del templo de Santo Domingo de Guzm\u00e1n\u201d, de la autor\u00eda de Diego Greene, director de cultura, del Ayuntamiento comiteco. El libro est\u00e1 a la venta en la Librer\u00eda Cat\u00f3lica, que est\u00e1 en la bajada hacia el Mercado Primero de Mayo. \u00bfCosto? Ciento veinte pesitos. El libro, como debe ser, da cuenta de la biograf\u00eda del santo, as\u00ed que apenas abrimos el libro hallamos rasgos biogr\u00e1ficos del mismo. \u00bfSab\u00edas que el santo naci\u00f3 y muri\u00f3 en el mes de agosto? Claro, de diferente a\u00f1o. Naci\u00f3 en 1170 y falleci\u00f3 en 1221. \u00bfPor qu\u00e9 en Comit\u00e1n celebramos el 4 de agosto como d\u00eda de su nacimiento? And\u00e1 a saber. Y digo esto, porque los bi\u00f3grafos establecen que \u00e9l naci\u00f3 en el Reino de Castilla el 8 de agosto del a\u00f1o citado. Bueno, los comitecos somos \u00fanicos. Ya mir\u00e1s que el 20 de febrero celebramos a San Caralampio, cuando todo mundo sabe que \u00e9l naci\u00f3 el 10 de febrero.<\/p>\n\n\n\n<p>Diego Greene ha publicado un libro que hac\u00eda falta en el librero de autores comitecos. Hay informaci\u00f3n acerca de San Caralampio, pero carec\u00edamos de un libro dedicado a Santo Domingo. Ah, tal vez se debe a que Tata Lampo es el santo consentido de los comitecos, a pesar de que Santo Domingo es nuestro santo patrono.<\/p>\n\n\n\n<p>Nosotros celebramos a Santo Domingo el 4 de agosto y ese d\u00eda, en este 2025, fue de gran jolgorio. Su atrio se llen\u00f3 de luz, como nunca antes se dio ese concepto sociol\u00f3gico llamado sincretismo, la mezcla de lo profano con lo religioso, porque, como bien sab\u00e9s, el templo est\u00e1 cerrado porque est\u00e1n d\u00e1ndole una manita de gato al techo que amenazaba con venirse hacia abajo. La remodelaci\u00f3n se est\u00e1 dando gracias al entusiasmo del padre Manuelito, a la paga recaudada por los fieles en el \u201cTechot\u00f3n\u201d y a la intervenci\u00f3n de la regidora Silvia Ram\u00edrez que logr\u00f3 apoyo de nuestro paisano gobernador. As\u00ed que los actos religiosos han sido en el exterior. Me di una vueltita la ma\u00f1ana del cuatro, hab\u00eda mucha gente, much\u00edsima; el ambiente de fiesta era sensacional. Como bien me dijo el padre Manuelito cuando era acto religioso, la feligres\u00eda miraba hacia el templo y cuando era acto cultural medio mundo ve\u00eda hacia el templete donde participaban los grupos de marimba, del estado y del pa\u00eds vecino Guatemala. Todo fue como un hermoso tachilg\u00fcil, porque un poco m\u00e1s arriba de las carpas donde estaban los fieles escuchando la misa, hab\u00eda otras carpas donde la gente disfrutaba panes compuestos, tacos dorados y otros platillos. No puede faltar el puesto donde venden los de cabeza, los de tripita, los de surtida. Fue un acto con el mejor aroma de agosto, lleno de p\u00e1jaros salidos de colinas luminosas.<\/p>\n\n\n\n<p>As\u00ed que la feria de agosto 2025 ser\u00e1 recordada por esta manifestaci\u00f3n popular donde se mezcl\u00f3 en forma maravillosa lo profano con lo sacro. As\u00ed como los ejecutantes de la marimba estuvieron trepados en un templete mientras la audiencia los escuchaba; as\u00ed, el padre Manuelito estuvo arriba de un improvisado altar dando la bendici\u00f3n en d\u00eda tan especial. Esta feria ser\u00e1 recordada como el a\u00f1o donde Diego Greene, director de cultura, present\u00f3 el libro \u201cG\u00e9nesis del templo de Santo Domingo de Guzm\u00e1n\u201d, un libro que no est\u00e1 dirigido s\u00f3lo a los fieles de la religi\u00f3n cat\u00f3lica, sino para todos, porque da cuenta del proceso hist\u00f3rico que se dio con la llegada de los frailes dominicos a esta tierra.<\/p>\n\n\n\n<p>Cuando fui ni\u00f1o las personas del pueblo estaban divididas en agn\u00f3sticos y creyentes y la mayor\u00eda de creyentes era de religi\u00f3n cat\u00f3lica. Ahora, ha crecido el n\u00famero de no creyentes y disminuido el de creyentes cat\u00f3licos por el tsunami de otras religiones. A m\u00ed me impresiona ver los ej\u00e9rcitos de Testigos de Jehov\u00e1 que invaden las calles, tocan en las puertas y hacen su chamba de jalar fieles a su religi\u00f3n. El padre Manuelito tambi\u00e9n est\u00e1 comprometido con su trabajo y hace una labor pastoral que medio mundo ha reconocido. Est\u00e1 haciendo bien su chamba y se not\u00f3 en estos festejos, porque dio vida a los actos religiosos dedicados al due\u00f1o de la fiesta, quien estuvo abandonado por mucho tiempo. Digo pues que los chicos y chicas que van a las instalaciones de la feria y se divierten con los juegos mec\u00e1nicos, compran un jocote encurtido y beben una chelas en los antros no tienen idea que el jolgorio es para celebrar el cumplea\u00f1os del santo patrono de este pueblo.<\/p>\n\n\n\n<p>Despu\u00e9s de los datos biogr\u00e1ficos, el libro de Greene presenta el cap\u00edtulo \u201cLa llegada de los dominicos a Chiapas: g\u00e9nesis de una cruzada espiritual. A continuaci\u00f3n, da una \u201cDescripci\u00f3n hist\u00f3rica del Templo de Santo Domingo de Guzm\u00e1n\u201d; contin\u00faa con la \u201cDescripci\u00f3n arquitect\u00f3nica del Templo de Santo Domingo de Guzm\u00e1n\u201d y cierra con un par de oraciones dedicadas al santo.<\/p>\n\n\n\n<p><strong>Posdata:<\/strong> \u00bfmir\u00e1s? El texto sirve hasta para que los creyentes lo usen como devocionario, pero tambi\u00e9n es un documento que contribuye al conocimiento de nuestra historia com\u00fan. \u00a1Bien!<\/p>\n\n\n\n<p><strong>\u00a1Tzatz Comit\u00e1n!<\/strong><\/p>\n\n\n<div class=\"wp-block-image\">\n<figure class=\"aligncenter size-large\"><img loading=\"lazy\" decoding=\"async\" width=\"650\" height=\"1024\" src=\"https:\/\/dc.diariodecomitan.com.mx\/wp-content\/uploads\/2025\/08\/Ilustracion-650x1024.jpg\" alt=\"\" class=\"wp-image-9203\" srcset=\"https:\/\/dc.diariodecomitan.com.mx\/wp-content\/uploads\/2025\/08\/Ilustracion-650x1024.jpg 650w, https:\/\/dc.diariodecomitan.com.mx\/wp-content\/uploads\/2025\/08\/Ilustracion-190x300.jpg 190w, https:\/\/dc.diariodecomitan.com.mx\/wp-content\/uploads\/2025\/08\/Ilustracion-768x1211.jpg 768w, https:\/\/dc.diariodecomitan.com.mx\/wp-content\/uploads\/2025\/08\/Ilustracion.jpg 812w\" sizes=\"auto, (max-width: 650px) 100vw, 650px\" \/><\/figure>\n<\/div>","protected":false},"excerpt":{"rendered":"<p>Arenilla por Alejandro Molinari Querida Mariana: pas\u00f3 la feria de agosto 2025. Ya te cont\u00e9 que en los a\u00f1os sesenta, la feria se desarrollaba en el atrio del templo y&hellip; <\/p>\n","protected":false},"author":2,"featured_media":9202,"comment_status":"closed","ping_status":"closed","sticky":false,"template":"","format":"standard","meta":{"footnotes":""},"categories":[13],"tags":[],"class_list":["post-9201","post","type-post","status-publish","format-standard","has-post-thumbnail","hentry","category-opinion"],"_links":{"self":[{"href":"https:\/\/dc.diariodecomitan.com.mx\/index.php?rest_route=\/wp\/v2\/posts\/9201","targetHints":{"allow":["GET"]}}],"collection":[{"href":"https:\/\/dc.diariodecomitan.com.mx\/index.php?rest_route=\/wp\/v2\/posts"}],"about":[{"href":"https:\/\/dc.diariodecomitan.com.mx\/index.php?rest_route=\/wp\/v2\/types\/post"}],"author":[{"embeddable":true,"href":"https:\/\/dc.diariodecomitan.com.mx\/index.php?rest_route=\/wp\/v2\/users\/2"}],"replies":[{"embeddable":true,"href":"https:\/\/dc.diariodecomitan.com.mx\/index.php?rest_route=%2Fwp%2Fv2%2Fcomments&post=9201"}],"version-history":[{"count":1,"href":"https:\/\/dc.diariodecomitan.com.mx\/index.php?rest_route=\/wp\/v2\/posts\/9201\/revisions"}],"predecessor-version":[{"id":9204,"href":"https:\/\/dc.diariodecomitan.com.mx\/index.php?rest_route=\/wp\/v2\/posts\/9201\/revisions\/9204"}],"wp:featuredmedia":[{"embeddable":true,"href":"https:\/\/dc.diariodecomitan.com.mx\/index.php?rest_route=\/wp\/v2\/media\/9202"}],"wp:attachment":[{"href":"https:\/\/dc.diariodecomitan.com.mx\/index.php?rest_route=%2Fwp%2Fv2%2Fmedia&parent=9201"}],"wp:term":[{"taxonomy":"category","embeddable":true,"href":"https:\/\/dc.diariodecomitan.com.mx\/index.php?rest_route=%2Fwp%2Fv2%2Fcategories&post=9201"},{"taxonomy":"post_tag","embeddable":true,"href":"https:\/\/dc.diariodecomitan.com.mx\/index.php?rest_route=%2Fwp%2Fv2%2Ftags&post=9201"}],"curies":[{"name":"wp","href":"https:\/\/api.w.org\/{rel}","templated":true}]}}