{"id":9667,"date":"2025-08-16T22:20:08","date_gmt":"2025-08-17T04:20:08","guid":{"rendered":"https:\/\/dc.diariodecomitan.com.mx\/?p=9667"},"modified":"2025-08-16T22:20:11","modified_gmt":"2025-08-17T04:20:11","slug":"muere-joven-mecanico-tras-ser-arrollado-por-un-vento-en-la-comitan-altamirano","status":"publish","type":"post","link":"https:\/\/dc.diariodecomitan.com.mx\/?p=9667","title":{"rendered":"MUERE JOVEN MEC\u00c1NICO TRAS SER ARROLLADO POR UN VENTO EN LA COMIT\u00c1N\u2013ALTAMIRANO"},"content":{"rendered":"\n<p><strong>No\u00e9 Pinto<\/strong><\/p>\n\n\n\n<p><strong>Comit\u00e1n, Chiapas; 16\/AGOSTO\/2025<\/strong>.\u2013 Un joven mec\u00e1nico de aproximadamente 23 a\u00f1os perdi\u00f3 la vida de manera instant\u00e1nea la tarde de este s\u00e1bado, luego de ser atropellado por un veh\u00edculo tipo Vento sobre la carretera Comit\u00e1n\u2013Altamirano.<\/p>\n\n\n\n<figure class=\"wp-block-image size-large\"><img loading=\"lazy\" decoding=\"async\" width=\"768\" height=\"1024\" src=\"https:\/\/dc.diariodecomitan.com.mx\/wp-content\/uploads\/2025\/08\/e30c56b5-36da-4cca-b026-c6e5bdd47612-768x1024.jpeg\" alt=\"\" class=\"wp-image-9668\" srcset=\"https:\/\/dc.diariodecomitan.com.mx\/wp-content\/uploads\/2025\/08\/e30c56b5-36da-4cca-b026-c6e5bdd47612-768x1024.jpeg 768w, https:\/\/dc.diariodecomitan.com.mx\/wp-content\/uploads\/2025\/08\/e30c56b5-36da-4cca-b026-c6e5bdd47612-225x300.jpeg 225w, https:\/\/dc.diariodecomitan.com.mx\/wp-content\/uploads\/2025\/08\/e30c56b5-36da-4cca-b026-c6e5bdd47612-1152x1536.jpeg 1152w, https:\/\/dc.diariodecomitan.com.mx\/wp-content\/uploads\/2025\/08\/e30c56b5-36da-4cca-b026-c6e5bdd47612.jpeg 1200w\" sizes=\"auto, (max-width: 768px) 100vw, 768px\" \/><\/figure>\n\n\n\n<p>El fatal accidente se registr\u00f3 a la altura de la rancher\u00eda Se\u00f1or del Pozo, donde el autom\u00f3vil impact\u00f3 de frente contra una motocicleta Italika DM150.<\/p>\n\n\n\n<figure class=\"wp-block-image size-large\"><img loading=\"lazy\" decoding=\"async\" width=\"768\" height=\"1024\" src=\"https:\/\/dc.diariodecomitan.com.mx\/wp-content\/uploads\/2025\/08\/90037b1a-8021-4956-a25c-828b6b8a0fbc-768x1024.jpeg\" alt=\"\" class=\"wp-image-9669\" srcset=\"https:\/\/dc.diariodecomitan.com.mx\/wp-content\/uploads\/2025\/08\/90037b1a-8021-4956-a25c-828b6b8a0fbc-768x1024.jpeg 768w, https:\/\/dc.diariodecomitan.com.mx\/wp-content\/uploads\/2025\/08\/90037b1a-8021-4956-a25c-828b6b8a0fbc-225x300.jpeg 225w, https:\/\/dc.diariodecomitan.com.mx\/wp-content\/uploads\/2025\/08\/90037b1a-8021-4956-a25c-828b6b8a0fbc-1152x1536.jpeg 1152w, https:\/\/dc.diariodecomitan.com.mx\/wp-content\/uploads\/2025\/08\/90037b1a-8021-4956-a25c-828b6b8a0fbc.jpeg 1200w\" sizes=\"auto, (max-width: 768px) 100vw, 768px\" \/><\/figure>\n\n\n\n<p>A causa del fuerte choque, el motociclista sali\u00f3 proyectado y qued\u00f3 tendido fuera de la cinta asf\u00e1ltica, mientras que su motocicleta fue arrastrada cerca de 20 metros hasta terminar en una cuneta.<\/p>\n\n\n\n<p>Param\u00e9dicos de Protecci\u00f3n Civil arribaron al lugar, sin embargo, \u00fanicamente confirmaron que el joven ya no contaba con signos vitales.<\/p>\n\n\n\n<p>El conductor del Vento se dio a la fuga tras el percance, abandonando la unidad en el sitio.<\/p>\n\n\n\n<figure class=\"wp-block-image size-large\"><img loading=\"lazy\" decoding=\"async\" width=\"768\" height=\"1024\" src=\"https:\/\/dc.diariodecomitan.com.mx\/wp-content\/uploads\/2025\/08\/a6fd64b7-1ae9-4fa1-94f9-b178e94bd24d-768x1024.jpeg\" alt=\"\" class=\"wp-image-9670\" srcset=\"https:\/\/dc.diariodecomitan.com.mx\/wp-content\/uploads\/2025\/08\/a6fd64b7-1ae9-4fa1-94f9-b178e94bd24d-768x1024.jpeg 768w, https:\/\/dc.diariodecomitan.com.mx\/wp-content\/uploads\/2025\/08\/a6fd64b7-1ae9-4fa1-94f9-b178e94bd24d-225x300.jpeg 225w, https:\/\/dc.diariodecomitan.com.mx\/wp-content\/uploads\/2025\/08\/a6fd64b7-1ae9-4fa1-94f9-b178e94bd24d-1152x1536.jpeg 1152w, https:\/\/dc.diariodecomitan.com.mx\/wp-content\/uploads\/2025\/08\/a6fd64b7-1ae9-4fa1-94f9-b178e94bd24d.jpeg 1200w\" sizes=\"auto, (max-width: 768px) 100vw, 768px\" \/><\/figure>\n\n\n\n<p>Habitantes de la comunidad se\u00f1alaron que el presunto responsable podr\u00eda ser originario de la misma rancher\u00eda, por lo que exigieron a las autoridades el esclarecimiento de los hechos.<\/p>\n","protected":false},"excerpt":{"rendered":"<p>No\u00e9 Pinto Comit\u00e1n, Chiapas; 16\/AGOSTO\/2025.\u2013 Un joven mec\u00e1nico de aproximadamente 23 a\u00f1os perdi\u00f3 la vida de manera instant\u00e1nea la tarde de este s\u00e1bado, luego de ser atropellado por un veh\u00edculo&hellip; <\/p>\n","protected":false},"author":2,"featured_media":9671,"comment_status":"closed","ping_status":"closed","sticky":false,"template":"","format":"standard","meta":{"footnotes":""},"categories":[3,10,16],"tags":[],"class_list":["post-9667","post","type-post","status-publish","format-standard","has-post-thumbnail","hentry","category-comitan","category-policiaca","category-portada"],"_links":{"self":[{"href":"https:\/\/dc.diariodecomitan.com.mx\/index.php?rest_route=\/wp\/v2\/posts\/9667","targetHints":{"allow":["GET"]}}],"collection":[{"href":"https:\/\/dc.diariodecomitan.com.mx\/index.php?rest_route=\/wp\/v2\/posts"}],"about":[{"href":"https:\/\/dc.diariodecomitan.com.mx\/index.php?rest_route=\/wp\/v2\/types\/post"}],"author":[{"embeddable":true,"href":"https:\/\/dc.diariodecomitan.com.mx\/index.php?rest_route=\/wp\/v2\/users\/2"}],"replies":[{"embeddable":true,"href":"https:\/\/dc.diariodecomitan.com.mx\/index.php?rest_route=%2Fwp%2Fv2%2Fcomments&post=9667"}],"version-history":[{"count":1,"href":"https:\/\/dc.diariodecomitan.com.mx\/index.php?rest_route=\/wp\/v2\/posts\/9667\/revisions"}],"predecessor-version":[{"id":9672,"href":"https:\/\/dc.diariodecomitan.com.mx\/index.php?rest_route=\/wp\/v2\/posts\/9667\/revisions\/9672"}],"wp:featuredmedia":[{"embeddable":true,"href":"https:\/\/dc.diariodecomitan.com.mx\/index.php?rest_route=\/wp\/v2\/media\/9671"}],"wp:attachment":[{"href":"https:\/\/dc.diariodecomitan.com.mx\/index.php?rest_route=%2Fwp%2Fv2%2Fmedia&parent=9667"}],"wp:term":[{"taxonomy":"category","embeddable":true,"href":"https:\/\/dc.diariodecomitan.com.mx\/index.php?rest_route=%2Fwp%2Fv2%2Fcategories&post=9667"},{"taxonomy":"post_tag","embeddable":true,"href":"https:\/\/dc.diariodecomitan.com.mx\/index.php?rest_route=%2Fwp%2Fv2%2Ftags&post=9667"}],"curies":[{"name":"wp","href":"https:\/\/api.w.org\/{rel}","templated":true}]}}